{"id":4955,"date":"2014-09-09T21:52:45","date_gmt":"2014-09-09T21:52:45","guid":{"rendered":"http:\/\/www.ecuadoraldia.com.ec\/?p=4955"},"modified":"2014-09-09T21:52:45","modified_gmt":"2014-09-09T21:52:45","slug":"secretaria-adjunta-de-ee-uu-aplaza-de-nuevo-reunion-con-el-gobierno-ecuatoriano","status":"publish","type":"post","link":"https:\/\/www.ecuadoraldia.com.ec\/?p=4955","title":{"rendered":"Secretaria adjunta de EE.UU. aplaza de nuevo reuni\u00f3n con el Gobierno ecuatoriano"},"content":{"rendered":"<p><a href=\"http:\/\/www.ecuadoraldia.com.ec\/wp-content\/uploads\/2014\/09\/secretaria-adjunta-de-EE-UU.jpg\"><img loading=\"lazy\" decoding=\"async\" class=\"alignleft size-full wp-image-4956\" src=\"http:\/\/www.ecuadoraldia.com.ec\/wp-content\/uploads\/2014\/09\/secretaria-adjunta-de-EE-UU.jpg\" alt=\"secretaria adjunta de EE UU\" width=\"298\" height=\"172\" \/><\/a>AGENCIA EFE. Funcionaria de Departamento de Estado de EE.UU. difiere visita a Quito para julio<br \/>\nLa secretaria de Estado adjunta para asuntos del Hemisferio Occidental de EE.UU., Roberta Jacobson, aplaz\u00f3 por segunda vez un viaje a Quito para mantener reuniones con miembros del Gobierno de Ecuador, inform\u00f3 este martes una fuente oficial.<\/p>\n<p>\u00abLamentablemente, por razones personales, la secretaria Roberta Jacobson no podr\u00e1 viajar a Quito en septiembre\u00bb, inform\u00f3 a Efe el portavoz de la embajada de EE.UU., Jeff Weinshenker.<\/p>\n<p>Esta es la segunda vez que Jacobson aplaza su visita a Ecuador, que hab\u00eda sido programada inicialmente para el 5 de junio.<\/p>\n<p>En aquella oportunidad el motivo del aplazamiento fueron \u00abproblemas de agenda\u00bb, seg\u00fan inform\u00f3 entonces el canciller ecuatoriano, Ricardo Pati\u00f1o.<\/p>\n<p>\u00abEstamos explorando con el ministerio de Relaciones Exteriores del Ecuador nuevas fechas para esta visita y esperamos con inter\u00e9s continuar los di\u00e1logos productivos para promover las relaciones entre Ecuador y Estados Unidos\u00bb, dijo hoy Weinshenker.<\/p>\n<p>El portavoz agreg\u00f3 que como seguimiento \u00aba las recientes y productivas conversaciones\u00bb entre funcionarios ecuatorianos y estadounidenses de alto nivel, Jacobson espera analizar la profundizaci\u00f3n en la relaci\u00f3n bilateral y la cooperaci\u00f3n en educaci\u00f3n, comercio, patrimonio cultural y energ\u00eda renovable.<\/p>\n<p>El canciller Pati\u00f1o ha indicado en varias ocasiones que la visita de Jacobson servir\u00e1 para preparar la del jefe de la diplomacia estadounidense, John Kerry.<\/p>\n<p>Al respecto, un funcionario estadounidense dijo a Efe que por el momento no hay planes para que Kerry visite el pa\u00eds andino.<\/p>\n<p>El Gobierno ecuatoriano ha pedido a EE.UU. explicaciones acerca de una informaci\u00f3n de prensa sobre la supuesta participaci\u00f3n de la CIA en un ataque armado colombiano en marzo de 2008 contra una base que las Fuerzas Armadas Revolucionarias de Colombia (FARC) hab\u00edan instalado clandestinamente en territorio ecuatoriano.<\/p>\n<p>Otros temas que, seg\u00fan ha informado el canciller en ocasiones anteriores, podr\u00edan formar parte de las conversaciones, son la situaci\u00f3n de los emigrantes ecuatorianos en EE.UU., las relaciones comerciales y la cooperaci\u00f3n en materia de salud, educaci\u00f3n y otras \u00e1reas.<\/p>\n<p>Adem\u00e1s, la situaci\u00f3n de los exbanqueros ecuatorianos William y Roberto Isa\u00edas, acusados de delitos financieros en su pa\u00eds y reclamados en extradici\u00f3n a EE.UU.<\/p>\n","protected":false},"excerpt":{"rendered":"<p>AGENCIA EFE. Funcionaria de Departamento de Estado de EE.UU. difiere visita a Quito para julio La secretaria de Estado adjunta<\/p>\n","protected":false},"author":1,"featured_media":0,"comment_status":"open","ping_status":"open","sticky":false,"template":"","format":"standard","meta":{"footnotes":""},"categories":[7],"tags":[],"_links":{"self":[{"href":"https:\/\/www.ecuadoraldia.com.ec\/index.php?rest_route=\/wp\/v2\/posts\/4955"}],"collection":[{"href":"https:\/\/www.ecuadoraldia.com.ec\/index.php?rest_route=\/wp\/v2\/posts"}],"about":[{"href":"https:\/\/www.ecuadoraldia.com.ec\/index.php?rest_route=\/wp\/v2\/types\/post"}],"author":[{"embeddable":true,"href":"https:\/\/www.ecuadoraldia.com.ec\/index.php?rest_route=\/wp\/v2\/users\/1"}],"replies":[{"embeddable":true,"href":"https:\/\/www.ecuadoraldia.com.ec\/index.php?rest_route=%2Fwp%2Fv2%2Fcomments&post=4955"}],"version-history":[{"count":1,"href":"https:\/\/www.ecuadoraldia.com.ec\/index.php?rest_route=\/wp\/v2\/posts\/4955\/revisions"}],"predecessor-version":[{"id":4957,"href":"https:\/\/www.ecuadoraldia.com.ec\/index.php?rest_route=\/wp\/v2\/posts\/4955\/revisions\/4957"}],"wp:attachment":[{"href":"https:\/\/www.ecuadoraldia.com.ec\/index.php?rest_route=%2Fwp%2Fv2%2Fmedia&parent=4955"}],"wp:term":[{"taxonomy":"category","embeddable":true,"href":"https:\/\/www.ecuadoraldia.com.ec\/index.php?rest_route=%2Fwp%2Fv2%2Fcategories&post=4955"},{"taxonomy":"post_tag","embeddable":true,"href":"https:\/\/www.ecuadoraldia.com.ec\/index.php?rest_route=%2Fwp%2Fv2%2Ftags&post=4955"}],"curies":[{"name":"wp","href":"https:\/\/api.w.org\/{rel}","templated":true}]}}