{"id":4958,"date":"2014-09-09T21:56:53","date_gmt":"2014-09-09T21:56:53","guid":{"rendered":"http:\/\/www.ecuadoraldia.com.ec\/?p=4958"},"modified":"2014-09-09T21:56:53","modified_gmt":"2014-09-09T21:56:53","slug":"ninos-no-podran-ser-registrados-con-el-nombre-messi","status":"publish","type":"post","link":"https:\/\/www.ecuadoraldia.com.ec\/?p=4958","title":{"rendered":"Ni\u00f1os no podr\u00e1n ser registrados con el nombre \u201cMessi\u201d"},"content":{"rendered":"<p><a href=\"http:\/\/www.ecuadoraldia.com.ec\/wp-content\/uploads\/2014\/09\/lionel-messi-argentina.jpg\"><img loading=\"lazy\" decoding=\"async\" class=\"alignleft size-full wp-image-4959\" src=\"http:\/\/www.ecuadoraldia.com.ec\/wp-content\/uploads\/2014\/09\/lionel-messi-argentina.jpg\" alt=\"lionel-messi-argentina\" width=\"263\" height=\"244\" \/><\/a>Un funcionario advirti\u00f3 este martes que est\u00e1 prohibido ponerle el nombre \u201cMessi\u201d a los reci\u00e9n nacidos en Rosario, la ciudad del astro del f\u00fatbol argentino, pese a que en el sur del pa\u00eds se autoriz\u00f3 a un padre a llamar as\u00ed a su peque\u00f1o beb\u00e9.<\/p>\n<p>El director del Registro Civil de la provincia de Santa Fe, Gonzalo Carrillo, fren\u00f3 de plano un posible aluvi\u00f3n de pedidos para usar a \u201cMessi\u201d como nombre de pila en el distrito en el que naci\u00f3 el futbolista.<\/p>\n<p>El funcionario declar\u00f3 hoy a la Radio 2 de Rosario que usar apellidos como nombre de pila est\u00e1 \u201cprohibido por ley\u201d porque puede generar confusi\u00f3n. Reconoci\u00f3, sin embargo, que el antecedente registrado en la patag\u00f3nica provincia de R\u00edo Negro podr\u00eda sentar un precedente en la legislaci\u00f3n de los registros civiles del resto del pa\u00eds.<\/p>\n<p>El fan H\u00e9ctor Varela consigui\u00f3 que el Registro Civil de R\u00edo Negro aceptara el nombre de pila \u201cMessi\u201d para su peque\u00f1o beb\u00e9 de apenas dos semanas de vida. El hombre pidi\u00f3 una autorizaci\u00f3n especial en el organismo, sin saber que su hijo ser\u00eda la primera persona en Argentina en llevar ese nombre.<\/p>\n<p>\u201cSoy el padre de Messi\u201d, declar\u00f3 orgulloso Varela el s\u00e1bado pasado al programa C\u00f3digo Urbano de radio La Red de Neuqu\u00e9n.<\/p>\n<p>\u00abHay muchos que les pusieron (a sus hijos) Lionel por Messi, pero esto es m\u00e1s contundente\u00bb, dijo el hincha del delantero, que inscribi\u00f3 a su beb\u00e9 como Messi Daniel Varela.<\/p>\n<p>El padre reside en un barrio humilde en las afueras de la ciudad de General Roca, en la patag\u00f3nica provincia de R\u00edo Negro.<\/p>\n<p>\u201c(Lionel) Messi para m\u00ed es un \u00eddolo y como \u00e9l no he visto a otro y no va a haber por la clase de persona que es, siempre humilde y amable con todos\u201d, asegur\u00f3 el hombre, orgulloso de su muestra de afecto hacia el futbolista, algo que en realidad ya ten\u00eda programado para sus dos primeros descendientes, que sin embargo resultaron ni\u00f1as y le cambiaron los planes.<\/p>\n<p>El subcampeonato conseguido por la selecci\u00f3n argentina en el Mundial de Brasil 2014 renov\u00f3 la pasi\u00f3n de los hinchas locales por los futbolistas albicelestes, hecho que se vio reflejado en el aumento de los beb\u00e9s que fueron bautizados con sus nombres.<\/p>\n<p>Como ejemplo, dos de cada diez beb\u00e9s varones nacidos en junio y julio en el denominado Gran Buenos Aires -el populoso cord\u00f3n urbano que rodea la capital argentina y en el que viven unas nueve millones de personas- llevan el nombre de algunos de los jugadores de la selecci\u00f3n.<\/p>\n<p>Lionel o Leonel, \u00c1ngel, Gonzalo, Sergio y Javier fueron los nombres m\u00e1s elegidos en homenaje a Messi, Di Mar\u00eda, Higua\u00edn, Ag\u00fcero y Mascherano, respectivamente.<\/p>\n","protected":false},"excerpt":{"rendered":"<p>Un funcionario advirti\u00f3 este martes que est\u00e1 prohibido ponerle el nombre \u201cMessi\u201d a los reci\u00e9n nacidos en Rosario, la ciudad<\/p>\n","protected":false},"author":1,"featured_media":0,"comment_status":"open","ping_status":"open","sticky":false,"template":"","format":"standard","meta":{"footnotes":""},"categories":[10],"tags":[],"_links":{"self":[{"href":"https:\/\/www.ecuadoraldia.com.ec\/index.php?rest_route=\/wp\/v2\/posts\/4958"}],"collection":[{"href":"https:\/\/www.ecuadoraldia.com.ec\/index.php?rest_route=\/wp\/v2\/posts"}],"about":[{"href":"https:\/\/www.ecuadoraldia.com.ec\/index.php?rest_route=\/wp\/v2\/types\/post"}],"author":[{"embeddable":true,"href":"https:\/\/www.ecuadoraldia.com.ec\/index.php?rest_route=\/wp\/v2\/users\/1"}],"replies":[{"embeddable":true,"href":"https:\/\/www.ecuadoraldia.com.ec\/index.php?rest_route=%2Fwp%2Fv2%2Fcomments&post=4958"}],"version-history":[{"count":1,"href":"https:\/\/www.ecuadoraldia.com.ec\/index.php?rest_route=\/wp\/v2\/posts\/4958\/revisions"}],"predecessor-version":[{"id":4960,"href":"https:\/\/www.ecuadoraldia.com.ec\/index.php?rest_route=\/wp\/v2\/posts\/4958\/revisions\/4960"}],"wp:attachment":[{"href":"https:\/\/www.ecuadoraldia.com.ec\/index.php?rest_route=%2Fwp%2Fv2%2Fmedia&parent=4958"}],"wp:term":[{"taxonomy":"category","embeddable":true,"href":"https:\/\/www.ecuadoraldia.com.ec\/index.php?rest_route=%2Fwp%2Fv2%2Fcategories&post=4958"},{"taxonomy":"post_tag","embeddable":true,"href":"https:\/\/www.ecuadoraldia.com.ec\/index.php?rest_route=%2Fwp%2Fv2%2Ftags&post=4958"}],"curies":[{"name":"wp","href":"https:\/\/api.w.org\/{rel}","templated":true}]}}