{"id":4961,"date":"2014-09-10T12:00:18","date_gmt":"2014-09-10T12:00:18","guid":{"rendered":"http:\/\/www.ecuadoraldia.com.ec\/?p=4961"},"modified":"2014-09-10T12:00:18","modified_gmt":"2014-09-10T12:00:18","slug":"rumbo-al-vi-congreso-continental-de-la-cloc-lvc%e2%80%8f","status":"publish","type":"post","link":"https:\/\/www.ecuadoraldia.com.ec\/?p=4961","title":{"rendered":"RUMBO al VI Congreso Continental de la CLOC &#8211; LVC\u200f"},"content":{"rendered":"<p><a href=\"http:\/\/www.ecuadoraldia.com.ec\/wp-content\/uploads\/2014\/09\/campesinado-latinoamericano.jpg\"><img loading=\"lazy\" decoding=\"async\" class=\"alignleft size-full wp-image-4962\" src=\"http:\/\/www.ecuadoraldia.com.ec\/wp-content\/uploads\/2014\/09\/campesinado-latinoamericano.jpg\" alt=\"campesinado-latinoamericano\" width=\"253\" height=\"190\" \/><\/a>La Coordinadora Latinoamericana de Organizaciones del Campo CLOC-LVC embebida del accionar de nuestras fuerzas organizadas y de las grandes batallas pol\u00edticas que viene dando hace m\u00e1s de 20 a\u00f1os, por construir una nueva sociedad desde nuestras identidades de mujeres y hombres del campo, convocamos a todas las organizaciones miembros con fuerza y m\u00edstica a continuar con fuerza el proceso que nos conducir\u00e1 a la realizaci\u00f3n de nuestro VI Congreso Continental.<\/p>\n<p>Por la Soberan\u00eda Alimentaria sustentada en la concreci\u00f3n de Reformas Agrarias Integrales y Populares para producir los alimentos que nuestros pueblos requieren y que la humanidad necesita para garantizar su desarrollo por las tierras, los territorios y las semillas campesinas e ind\u00edgenas, generadas en una relaci\u00f3n de amor con la naturaleza, con la Madre Tierra, que nos indica los caminos para el Buen Vivir.<\/p>\n<p>\u00a1CONTRA EL SAQUEO DEL CAPITAL Y DEL IMPERIO, AMERICA LUCHA!,<br \/>\n\u00a1POR LA TIERRA Y LA SOBERAN\u00cdA DE NUESTROS PUEBLOS,<br \/>\nAMERICA LUCHA!<\/p>\n<p>guatemala-maiz.jpgTriunfo de las mujeres y hombres de ma\u00edz<\/p>\n<p>Luego de que el pasado martes 2 de setiembre, la Corte de Constitucionalidad de Guatemala suspendiera la entrada en vigencia de la Ley para la Protecci\u00f3n de Obtenciones Vegetales, el Congreso de la Rep\u00fablica derog\u00f3 hoy 4 de setiembre, con 115 votos, dicha ley. En entrevista con Radio Mundo Real, el dirigente de la V\u00eda Campesina Guatemala, Daniel Pascual consider\u00f3 que \u00abes un gran triunfo para la lucha aqu\u00ed en Guatemala, principalmente para los pueblos Mayas, Xincas y Gar\u00edfunas, de los hombres y mujeres de ma\u00edz\u00bb.<\/p>\n<p>Pascual se\u00f1al\u00f3 que esta ha sido una de las pocas veces que se ha podido hacer retroceder una ley en Guatemala, y que ha significado una derrota no s\u00f3lo para Monsanto, sino para las multinacionales semilleras Dupont, Bayer, entre otras empresas que \u00abcontrolar la producci\u00f3n de semillas y alimentos\u00bb.<\/p>\n<p>Declaraci\u00f3n de Nueva York de la red Espacio Clim\u00e1tico<\/p>\n<p>agricultura-cambio-climatico.jpgMovilizaci\u00f3n y organizaci\u00f3n para detener y prevenir la Fiebre del Planeta. Nueva York, 19 al 23 setiembre<\/p>\n<p>Cuando los seres humanos tenemos fiebre nos preocupamos y tomamos medidas urgentes. Despu\u00e9s de todo, sabemos que si nuestra temperatura corporal se eleva 1.5\u00baC y peor 2\u00baC [3,6 \u00ba F] por encima del promedio normal puede haber graves da\u00f1os a nuestra salud y si el aumento es de 4-6\u00baC [7.2-10.8 \u00ba F] o m\u00e1s puede causar una situaci\u00f3n de coma e incluso muerte.<\/p>\n<p>Lo mismo ocurre cuando el planeta Tierra tiene fiebre. Durante los \u00faltimos 11.000 a\u00f1os la temperatura promedio de la Tierra ha sido de alrededor 14\u00baC [57.2\u00baF]. Ahora esa temperatura promedio est\u00e1 a punto de aumentar en 1\u00baC y si no tomamos las medidas adecuadas para evitar que esta fiebre se propague, el pron\u00f3stico es que nuestro planeta sufrir\u00e1 un aumento de la temperatura de 2\u00baC a 6\u00baC antes de finales de este siglo. Si ese nivel de fiebre se alcanza la vida como la conocemos cambiar\u00e1 dram\u00e1ticamente en la Tierra.<\/p>\n","protected":false},"excerpt":{"rendered":"<p>La Coordinadora Latinoamericana de Organizaciones del Campo CLOC-LVC embebida del accionar de nuestras fuerzas organizadas y de las grandes batallas<\/p>\n","protected":false},"author":1,"featured_media":0,"comment_status":"open","ping_status":"open","sticky":false,"template":"","format":"standard","meta":{"footnotes":""},"categories":[1],"tags":[],"_links":{"self":[{"href":"https:\/\/www.ecuadoraldia.com.ec\/index.php?rest_route=\/wp\/v2\/posts\/4961"}],"collection":[{"href":"https:\/\/www.ecuadoraldia.com.ec\/index.php?rest_route=\/wp\/v2\/posts"}],"about":[{"href":"https:\/\/www.ecuadoraldia.com.ec\/index.php?rest_route=\/wp\/v2\/types\/post"}],"author":[{"embeddable":true,"href":"https:\/\/www.ecuadoraldia.com.ec\/index.php?rest_route=\/wp\/v2\/users\/1"}],"replies":[{"embeddable":true,"href":"https:\/\/www.ecuadoraldia.com.ec\/index.php?rest_route=%2Fwp%2Fv2%2Fcomments&post=4961"}],"version-history":[{"count":1,"href":"https:\/\/www.ecuadoraldia.com.ec\/index.php?rest_route=\/wp\/v2\/posts\/4961\/revisions"}],"predecessor-version":[{"id":4963,"href":"https:\/\/www.ecuadoraldia.com.ec\/index.php?rest_route=\/wp\/v2\/posts\/4961\/revisions\/4963"}],"wp:attachment":[{"href":"https:\/\/www.ecuadoraldia.com.ec\/index.php?rest_route=%2Fwp%2Fv2%2Fmedia&parent=4961"}],"wp:term":[{"taxonomy":"category","embeddable":true,"href":"https:\/\/www.ecuadoraldia.com.ec\/index.php?rest_route=%2Fwp%2Fv2%2Fcategories&post=4961"},{"taxonomy":"post_tag","embeddable":true,"href":"https:\/\/www.ecuadoraldia.com.ec\/index.php?rest_route=%2Fwp%2Fv2%2Ftags&post=4961"}],"curies":[{"name":"wp","href":"https:\/\/api.w.org\/{rel}","templated":true}]}}