{"id":5013,"date":"2014-09-12T13:34:31","date_gmt":"2014-09-12T13:34:31","guid":{"rendered":"http:\/\/www.ecuadoraldia.com.ec\/?p=5013"},"modified":"2014-09-12T13:34:31","modified_gmt":"2014-09-12T13:34:31","slug":"faltaban-las-firmas-para-que-la-obra-inicie","status":"publish","type":"post","link":"https:\/\/www.ecuadoraldia.com.ec\/?p=5013","title":{"rendered":"\u201cFaltaban las firmas para que la obra inicie\u201d"},"content":{"rendered":"<p><a href=\"http:\/\/www.ecuadoraldia.com.ec\/wp-content\/uploads\/2014\/09\/incidentes-muni.jpg\"><img loading=\"lazy\" decoding=\"async\" class=\"alignleft size-medium wp-image-5014\" src=\"http:\/\/www.ecuadoraldia.com.ec\/wp-content\/uploads\/2014\/09\/incidentes-muni-300x145.jpg\" alt=\"SESION DEL CONSEJO METROPOLITANO\" width=\"300\" height=\"145\" srcset=\"https:\/\/www.ecuadoraldia.com.ec\/wp-content\/uploads\/2014\/09\/incidentes-muni-300x145.jpg 300w, https:\/\/www.ecuadoraldia.com.ec\/wp-content\/uploads\/2014\/09\/incidentes-muni.jpg 344w\" sizes=\"(max-width: 300px) 100vw, 300px\" \/><\/a>El alcalde Mauricio Rodas advirti\u00f3 ayer, muy enojado, que investigar\u00e1 y har\u00e1 p\u00fablicos los nombres de quienes \u2014a su juicio\u2014 habr\u00edan instigado la protesta ciudadana que ocurri\u00f3 al inicio de la sesi\u00f3n ordinaria de este jueves en el Concejo.<\/p>\n<p>Previamente, Rodas suspendi\u00f3 por cerca de media hora la reuni\u00f3n ante el grito de consignas y la exhibici\u00f3n de carteles que protagonizaron habitantes de 8 barrios de la zona alta de Cotocollao en la sala de sesiones del \u00f3rgano legislativo local.<\/p>\n<p>Moradores de zonas como Catsuqu\u00ed de Velasco, Horizontes del Norte, Moncayo, La Leticia y Uyachul Alto se manifestaron para exigir que la Alcald\u00eda construya el proyecto de agua potable que qued\u00f3 planificado y financiado durante la pasada administraci\u00f3n municipal.<\/p>\n<p>Jos\u00e9 Simba\u00f1a, uno de ellos, asegur\u00f3 que contaban con un cr\u00e9dito no reembolsable del Banco del Estado (BdE) por $ 5 millones y que solo \u201cfaltaban las firmas para que la obra inicie\u201d; pero que a pedido del actual Alcalde, su antecesor no suscribi\u00f3 los contratos para que no se comprometieran recursos que el primero de ellos iba a administrar.<\/p>\n<p>El ciudadano a\u00f1adi\u00f3 que la Municipalidad de la alianza Suma-Vive dej\u00f3 que se perdieran esos recursos.<\/p>\n<p>Aquello fue negado por el gerente general de la Empresa P\u00fablica Metropolitana de Agua Potable y Saneamiento (EPMAPS), Marco Antonio Cevallos, quien fue convocado de urgencia al Palacio Municipal a ra\u00edz del incidente.<\/p>\n<p>Cevallos no supo establecer a qui\u00e9n le corresponde la responsabilidad de la p\u00e9rdida del componente no reembolsable de los recursos y sugiri\u00f3 pregunt\u00e1rselo a la entidad estatal de cr\u00e9dito. Tambi\u00e9n rechaz\u00f3 que hubiese existido una reuni\u00f3n con delegados de las casi 2 mil familias involucradas en el tema y que en esta se les hubiera indicado que no se ejecutar\u00eda la obra por la falta de dinero.<\/p>\n<p>En cambio, anunci\u00f3 que el pr\u00f3ximo mes se lanzar\u00e1 el concurso p\u00fablico para la construcci\u00f3n del proyecto y que este, valorado en $ 6 millones, ser\u00eda financiado con recursos de la propia empresa. El funcionario dijo, adem\u00e1s, que los trabajos requerir\u00edan de un par de a\u00f1os para su ejecuci\u00f3n.<\/p>\n<p>Entre tanto, Mauricio Rodas aseguraba, en la sala de sesiones del Concejo, que su administraci\u00f3n acoger\u00e1 cualquier tipo de reclamo o exigencia ciudadana, pero no lo que calific\u00f3 como \u201cirrespeto\u201d a la instancia legislativa capitalina.<\/p>\n<p>Las afirmaciones del Alcalde fueron secundadas por los concejales; sin embargo, la edil Soledad Ben\u00edtez (Alianza PAIS) le hizo notar que el viernes pasado se hab\u00eda enviado al despacho del Municipio una petici\u00f3n de los moradores de los 8 barrios del sector noroccidental quite\u00f1o para ser recibidos ayer en Comisi\u00f3n General por el Concejo.<\/p>\n<p>La respuesta del Burgomaestre fue que no se pudo poner en agenda ese evento para este jueves.<\/p>\n<p>La tambi\u00e9n integrante del bloque de PAIS, Mar\u00eda Luisa Maldonado, sugiri\u00f3 que el respeto debe ser exigido para todos los miembros del corporativo municipal, en alusi\u00f3n a los gritos y silbatinas que han recibido integrantes de su bancada por seguidores de Rodas en sesiones anteriores.<\/p>\n","protected":false},"excerpt":{"rendered":"<p>El alcalde Mauricio Rodas advirti\u00f3 ayer, muy enojado, que investigar\u00e1 y har\u00e1 p\u00fablicos los nombres de quienes \u2014a su juicio\u2014<\/p>\n","protected":false},"author":1,"featured_media":0,"comment_status":"open","ping_status":"open","sticky":false,"template":"","format":"standard","meta":{"footnotes":""},"categories":[14],"tags":[],"_links":{"self":[{"href":"https:\/\/www.ecuadoraldia.com.ec\/index.php?rest_route=\/wp\/v2\/posts\/5013"}],"collection":[{"href":"https:\/\/www.ecuadoraldia.com.ec\/index.php?rest_route=\/wp\/v2\/posts"}],"about":[{"href":"https:\/\/www.ecuadoraldia.com.ec\/index.php?rest_route=\/wp\/v2\/types\/post"}],"author":[{"embeddable":true,"href":"https:\/\/www.ecuadoraldia.com.ec\/index.php?rest_route=\/wp\/v2\/users\/1"}],"replies":[{"embeddable":true,"href":"https:\/\/www.ecuadoraldia.com.ec\/index.php?rest_route=%2Fwp%2Fv2%2Fcomments&post=5013"}],"version-history":[{"count":1,"href":"https:\/\/www.ecuadoraldia.com.ec\/index.php?rest_route=\/wp\/v2\/posts\/5013\/revisions"}],"predecessor-version":[{"id":5015,"href":"https:\/\/www.ecuadoraldia.com.ec\/index.php?rest_route=\/wp\/v2\/posts\/5013\/revisions\/5015"}],"wp:attachment":[{"href":"https:\/\/www.ecuadoraldia.com.ec\/index.php?rest_route=%2Fwp%2Fv2%2Fmedia&parent=5013"}],"wp:term":[{"taxonomy":"category","embeddable":true,"href":"https:\/\/www.ecuadoraldia.com.ec\/index.php?rest_route=%2Fwp%2Fv2%2Fcategories&post=5013"},{"taxonomy":"post_tag","embeddable":true,"href":"https:\/\/www.ecuadoraldia.com.ec\/index.php?rest_route=%2Fwp%2Fv2%2Ftags&post=5013"}],"curies":[{"name":"wp","href":"https:\/\/api.w.org\/{rel}","templated":true}]}}