{"id":5043,"date":"2014-09-13T17:24:11","date_gmt":"2014-09-13T17:24:11","guid":{"rendered":"http:\/\/www.ecuadoraldia.com.ec\/?p=5043"},"modified":"2014-09-13T17:24:11","modified_gmt":"2014-09-13T17:24:11","slug":"correa-destaca-importancia-de-nuevo-codigo-de-trabajo-y-anuncia-nueva-politica-de-seguridad-social","status":"publish","type":"post","link":"https:\/\/www.ecuadoraldia.com.ec\/?p=5043","title":{"rendered":"Correa destaca importancia de nuevo C\u00f3digo de Trabajo y anuncia nueva pol\u00edtica de seguridad social"},"content":{"rendered":"<p><a href=\"http:\/\/www.ecuadoraldia.com.ec\/wp-content\/uploads\/2014\/09\/eciu.jpg\"><img loading=\"lazy\" decoding=\"async\" class=\"alignleft size-medium wp-image-5044\" src=\"http:\/\/www.ecuadoraldia.com.ec\/wp-content\/uploads\/2014\/09\/eciu-300x220.jpg\" alt=\"MAILING ENLACE 388\" width=\"300\" height=\"220\" srcset=\"https:\/\/www.ecuadoraldia.com.ec\/wp-content\/uploads\/2014\/09\/eciu-300x220.jpg 300w, https:\/\/www.ecuadoraldia.com.ec\/wp-content\/uploads\/2014\/09\/eciu.jpg 304w\" sizes=\"(max-width: 300px) 100vw, 300px\" \/><\/a>El presidente ecuatoriano Rafael Correa calific\u00f3 de \u201crevolucionario\u201d al nuevo C\u00f3digo de Trabajo en estudio en el pa\u00eds porque prev\u00e9, entre otras cosas, una nueva pol\u00edtica de seguridad social para entregar pensiones de jubilaci\u00f3n \u00abdignas para todos\u00bb y terminar con las desigualdades, y desestim\u00f3 la marcha contra el proyecto organizada por sectores de oposici\u00f3n para el pr\u00f3ximo mi\u00e9rcoles.<\/p>\n<p>\u201cNi conocen el c\u00f3digo, ni lo hemos enviado a la Asamblea\u00bb, se\u00f1al\u00f3 Correa refiri\u00e9ndose a los organizadores de una marcha el pr\u00f3ximo mi\u00e9rcoles contra el nuevo C\u00f3digo de Trabajo. Entre los grupos que preparan la marcha est\u00e1n el Movimiento Popular Democr\u00e1tico (MPD) y sectores ligados a \u00e9l como la FEUE (Federaci\u00f3n Ecuatoriana de Estudiantes Universitarios).<\/p>\n<p>Desde Pedro Carbo, localidad ubicada a 63 kil\u00f3metros de Guayaquil, donde Correa realiz\u00f3 su informe semanal de labores, el presidente explic\u00f3 que el gobierno hizo \u00abuna reformulaci\u00f3n del primer proyecto\u00bb para incorporar y modificar algunos temas y dijo que se dedicar\u00e1 a afinar la normativa para enviarla en las pr\u00f3ximas semanas a la Asamblea Nacional.<\/p>\n<p>Recalc\u00f3 que la nueva legislaci\u00f3n se regir\u00e1 por el principio de que el trabajo humano est\u00e1 por encima del capital.<\/p>\n<p>El mandatario enfatiz\u00f3 que aunque escuchar\u00e1 a todos, no se someter\u00e1 a grupos de presi\u00f3n, y anunci\u00f3 para el mismo mi\u00e9rcoles un festival musical, que se realizar\u00e1 en la Plaza Grande en Quito, al que est\u00e1 previsto que asistan miles de simpatizantes de la Revoluci\u00f3n Ciudadana.<\/p>\n<p>\u00abSi ellos son 3.000, seremos 30.000 (&#8230;) para decirle al Ecuador que somos m\u00e1s, much\u00edsimos m\u00e1s y nada ni nadie nos har\u00e1 volver al pasado\u201d, declar\u00f3 Correa.<\/p>\n<p>El jefe de Estado record\u00f3 las mejoras laborales impulsadas por el gobierno. \u201cCuando llegamos (en 2007) el salario b\u00e1sico de los trabajadores era 150 d\u00f3lares, hoy es 340, el doble; el salario de las empleadas dom\u00e9sticas era de 80 d\u00f3lares, hoy es el cu\u00e1druple\u201d.<\/p>\n<p>El nuevo C\u00f3digo de Trabajo incluir\u00e1, entre otros temas, la limitaci\u00f3n de los sueldos y jubilaciones patronales en el sector p\u00fablico y privado \u201cpara impedir las grandes desigualdades, en uno de los pa\u00edses m\u00e1s desiguales del mundo\u201d. Adem\u00e1s dijo que se pondr\u00e1 tope a las utilidades, ya que \u00abmientras unos reciben decenas de miles, otros nada\u00bb.<\/p>\n<p>Respecto a las diferencias en las pensiones, Correa expres\u00f3 que mientras en el Seguro Social se cobran 550 d\u00f3lares como pensi\u00f3n, en el campesino apenas 57 d\u00f3lares, con lo cual se ha institucionalizado la discriminaci\u00f3n. \u201cUna diferencia as\u00ed es intolerable, lo que hay que hacer es grandes conceptos: seguridad social para todos\u201d, asever\u00f3, tras anunciar que el Ministerio de Relaciones Laborales de Ecuador pasar\u00e1 a llamarse Ministerio del Trabajo y Seguridad Social.<\/p>\n<p>Tambi\u00e9n se refiri\u00f3 a las amas de casa que aunque aportan con su trabajo no son remuneradas, ni cuentan con seguridad social, por lo que se est\u00e1 dise\u00f1ando un sistema para que los c\u00f3nyuges hagan un m\u00ednimo aporte m\u00e1s y puedan afiliarlas al Seguro Social para que reciban similares beneficios. (Andes)<\/p>\n","protected":false},"excerpt":{"rendered":"<p>El presidente ecuatoriano Rafael Correa calific\u00f3 de \u201crevolucionario\u201d al nuevo C\u00f3digo de Trabajo en estudio en el pa\u00eds porque prev\u00e9,<\/p>\n","protected":false},"author":1,"featured_media":0,"comment_status":"open","ping_status":"open","sticky":false,"template":"","format":"standard","meta":{"footnotes":""},"categories":[1],"tags":[],"_links":{"self":[{"href":"https:\/\/www.ecuadoraldia.com.ec\/index.php?rest_route=\/wp\/v2\/posts\/5043"}],"collection":[{"href":"https:\/\/www.ecuadoraldia.com.ec\/index.php?rest_route=\/wp\/v2\/posts"}],"about":[{"href":"https:\/\/www.ecuadoraldia.com.ec\/index.php?rest_route=\/wp\/v2\/types\/post"}],"author":[{"embeddable":true,"href":"https:\/\/www.ecuadoraldia.com.ec\/index.php?rest_route=\/wp\/v2\/users\/1"}],"replies":[{"embeddable":true,"href":"https:\/\/www.ecuadoraldia.com.ec\/index.php?rest_route=%2Fwp%2Fv2%2Fcomments&post=5043"}],"version-history":[{"count":1,"href":"https:\/\/www.ecuadoraldia.com.ec\/index.php?rest_route=\/wp\/v2\/posts\/5043\/revisions"}],"predecessor-version":[{"id":5045,"href":"https:\/\/www.ecuadoraldia.com.ec\/index.php?rest_route=\/wp\/v2\/posts\/5043\/revisions\/5045"}],"wp:attachment":[{"href":"https:\/\/www.ecuadoraldia.com.ec\/index.php?rest_route=%2Fwp%2Fv2%2Fmedia&parent=5043"}],"wp:term":[{"taxonomy":"category","embeddable":true,"href":"https:\/\/www.ecuadoraldia.com.ec\/index.php?rest_route=%2Fwp%2Fv2%2Fcategories&post=5043"},{"taxonomy":"post_tag","embeddable":true,"href":"https:\/\/www.ecuadoraldia.com.ec\/index.php?rest_route=%2Fwp%2Fv2%2Ftags&post=5043"}],"curies":[{"name":"wp","href":"https:\/\/api.w.org\/{rel}","templated":true}]}}