{"id":5046,"date":"2014-09-13T17:33:23","date_gmt":"2014-09-13T17:33:23","guid":{"rendered":"http:\/\/www.ecuadoraldia.com.ec\/?p=5046"},"modified":"2014-09-13T17:33:23","modified_gmt":"2014-09-13T17:33:23","slug":"bachelet-le-pidio-consejos-a-mujica-sobre-la-marihuana-legal-y-los-presos-de-guantanamo","status":"publish","type":"post","link":"https:\/\/www.ecuadoraldia.com.ec\/?p=5046","title":{"rendered":"Bachelet le pidi\u00f3 consejos a Mujica sobre la marihuana legal y los presos de Guant\u00e1namo"},"content":{"rendered":"<p><a href=\"http:\/\/www.ecuadoraldia.com.ec\/wp-content\/uploads\/2014\/09\/bachelet.jpg\"><img loading=\"lazy\" decoding=\"async\" class=\"alignleft size-full wp-image-5047\" src=\"http:\/\/www.ecuadoraldia.com.ec\/wp-content\/uploads\/2014\/09\/bachelet.jpg\" alt=\"bachelet\" width=\"298\" height=\"199\" \/><\/a>AP. La presidente de Chile, Michele Bachelet, dijo el viernes que consult\u00f3 a su par uruguayo, Jos\u00e9 Mujica, sobre su decisi\u00f3n de aceptar como refugiados a reclusos de la c\u00e1rcel de Guant\u00e1namo y sobre la in\u00e9dita regulaci\u00f3n del mercado de la marihuana.<\/p>\n<p>\u00abHemos conversado con el presidente para que nos comentara cu\u00e1l ha sido la actitud de Uruguay\u00bb, se\u00f1al\u00f3 Bachelet en conferencia de prensa en Montevideo junto a Mujica, tras un encuentro de poco m\u00e1s de una hora en el que firmaron acuerdos bilaterales y un comunicado en el que se comprometen a profundizar la relaci\u00f3n entre ambos pa\u00edses.<\/p>\n<p>\u00abEn el caso chileno, hace mucho tiempo (que) se nos pidi\u00f3 esta posibilidad (de recibir presos de Guant\u00e1namo) y como hemos se\u00f1alado, se evaluar\u00e1n las peticiones concretas para asegurar que Chile sea un pa\u00eds (&#8230;) de refugio para quienes necesitan ayuda, pero por otro lado, asegurar la seguridad de nuestro pa\u00eds\u00bb, indic\u00f3 la mandataria.<\/p>\n<p>\u00abEstamos reci\u00e9n en el proceso de haber iniciado esta conversaci\u00f3n y se evaluar\u00e1 en su justo t\u00e9rmino\u00bb, a\u00f1adi\u00f3, para se\u00f1alar luego que comparte los principios y valores humanitarios que defendi\u00f3 Mujica al aceptar la llegada de los reclusos.<\/p>\n<p>Mujica anunci\u00f3 en marzo, y confirm\u00f3 en mayo tras una visita al presidente estadounidense, Barack Obama, que su pa\u00eds pod\u00eda recibir sin condiciones y como personas libres a seis prisioneros de Guant\u00e1namo, la c\u00e1rcel abierta por Estados Unidos en Cuba en 2002 en el marco de su \u00abguerra contra el terror\u00bb luego de los atentados del 11 de septiembre de 2001.<\/p>\n<p>De todas formas, ratific\u00f3 el viernes que todav\u00eda \u00abfaltan elementos\u00bb para la llegada de los presos. \u00abLo que necesitamos es el \u00edntimo convencimiento de que lo que traemos al Uruguay no son problemas de seguridad, son refugiados como un precio de las barbaries que se pueden cometer a veces en situaciones de guerra\u00bb, indic\u00f3, junto a Bachelet.<\/p>\n<p>Marihuana y comercio<\/p>\n<p>En cuanto a la regulaci\u00f3n del mercado de la marihuana en Uruguay, que se convirti\u00f3 en el primer pa\u00eds en el mundo en controlar desde la producci\u00f3n hasta la comercializaci\u00f3n, la mandataria indic\u00f3 que consult\u00f3 a Mujica sobre c\u00f3mo hab\u00eda sido el proceso.<\/p>\n<p>En Chile \u00abestamos en un proceso de revisi\u00f3n de nuestro marco legal\u00bb en la materia, sostuvo Bachelet e indic\u00f3 que la normativa vigente no ha logrado disminuir el consumo ni combatir eficazmente el narcotr\u00e1fico.<\/p>\n<p>La ley uruguaya establece que el Estado asume el control del mercado de la droga, permite que se cultiven hasta seis plantas de cannabis por hogar (480 gramos al a\u00f1o), la apertura de clubes de membres\u00eda y la venta de marihuana en farmacias, entre otros puntos.<\/p>\n<p>Por otra parte, los dos gobiernos firmaron un memorando de intercambio de documentaci\u00f3n sobre violaciones graves a los derechos humanos, un acuerdo de intercambio de informaci\u00f3n tributaria y una declaraci\u00f3n conjunta en materia de cooperaci\u00f3n para el desarrollo.<\/p>\n<p>Los dos pa\u00edses hab\u00edan suscrito un acuerdo de asociaci\u00f3n estrat\u00e9gica en 2008. \u00abEl Pac\u00edfico no debe darle la espalda al Atl\u00e1ntico, por el contrario\u00bb, destac\u00f3 el viernes Bachelet, manifest\u00e1ndose dispuesta a abrir los espacios para que los pa\u00edses del Atl\u00e1ntico, como Uruguay, puedan tener una interacci\u00f3n con la Alianza del Pac\u00edfico (Chile, Colombia, Per\u00fa y M\u00e9xico).<\/p>\n<p>A\u00f1adi\u00f3 que si a Uruguay u otros pa\u00edses del bloque aduanero Mercosur les interesa en un futuro ser parte del Tratado de Libre Comercio Transpac\u00edfico (TPP), actualmente en negociaci\u00f3n entre 12 pa\u00edses, \u00abChile sin duda facilitar\u00e1 su pertenencia\u00bb.<\/p>\n<p>M\u00e1s tarde, la mandataria chilena brind\u00f3 una conferencia en la Universidad de la Rep\u00fablica de Uruguay (p\u00fablica) en la que destac\u00f3 los cambios estructurales que su gobierno proyecta para disminuir la desigualdad, discurso que recibi\u00f3 ovaciones de los presentes.<\/p>\n<p>Bachelet dijo que su gobierno impulsa una \u00abreforma estructural de la educaci\u00f3n con foco en la calidad y la inclusi\u00f3n\u00bb y destac\u00f3 otras reformas que est\u00e1n en desarrollo, como la tributaria, entre otras.<\/p>\n<p>&nbsp;<\/p>\n","protected":false},"excerpt":{"rendered":"<p>AP. La presidente de Chile, Michele Bachelet, dijo el viernes que consult\u00f3 a su par uruguayo, Jos\u00e9 Mujica, sobre su<\/p>\n","protected":false},"author":1,"featured_media":0,"comment_status":"open","ping_status":"open","sticky":false,"template":"","format":"standard","meta":{"footnotes":""},"categories":[7],"tags":[],"_links":{"self":[{"href":"https:\/\/www.ecuadoraldia.com.ec\/index.php?rest_route=\/wp\/v2\/posts\/5046"}],"collection":[{"href":"https:\/\/www.ecuadoraldia.com.ec\/index.php?rest_route=\/wp\/v2\/posts"}],"about":[{"href":"https:\/\/www.ecuadoraldia.com.ec\/index.php?rest_route=\/wp\/v2\/types\/post"}],"author":[{"embeddable":true,"href":"https:\/\/www.ecuadoraldia.com.ec\/index.php?rest_route=\/wp\/v2\/users\/1"}],"replies":[{"embeddable":true,"href":"https:\/\/www.ecuadoraldia.com.ec\/index.php?rest_route=%2Fwp%2Fv2%2Fcomments&post=5046"}],"version-history":[{"count":1,"href":"https:\/\/www.ecuadoraldia.com.ec\/index.php?rest_route=\/wp\/v2\/posts\/5046\/revisions"}],"predecessor-version":[{"id":5048,"href":"https:\/\/www.ecuadoraldia.com.ec\/index.php?rest_route=\/wp\/v2\/posts\/5046\/revisions\/5048"}],"wp:attachment":[{"href":"https:\/\/www.ecuadoraldia.com.ec\/index.php?rest_route=%2Fwp%2Fv2%2Fmedia&parent=5046"}],"wp:term":[{"taxonomy":"category","embeddable":true,"href":"https:\/\/www.ecuadoraldia.com.ec\/index.php?rest_route=%2Fwp%2Fv2%2Fcategories&post=5046"},{"taxonomy":"post_tag","embeddable":true,"href":"https:\/\/www.ecuadoraldia.com.ec\/index.php?rest_route=%2Fwp%2Fv2%2Ftags&post=5046"}],"curies":[{"name":"wp","href":"https:\/\/api.w.org\/{rel}","templated":true}]}}