{"id":5052,"date":"2014-09-15T12:15:16","date_gmt":"2014-09-15T12:15:16","guid":{"rendered":"http:\/\/www.ecuadoraldia.com.ec\/?p=5052"},"modified":"2014-09-15T12:15:16","modified_gmt":"2014-09-15T12:15:16","slug":"argentina-nueva-amenaza-de-muerte-contra-miembros-del-mocase","status":"publish","type":"post","link":"https:\/\/www.ecuadoraldia.com.ec\/?p=5052","title":{"rendered":"Argentina: Nueva amenaza de muerte contra miembros del MOCASE"},"content":{"rendered":"<p><a href=\"http:\/\/www.ecuadoraldia.com.ec\/wp-content\/uploads\/2014\/09\/manaos12set.jpg\"><img loading=\"lazy\" decoding=\"async\" class=\"alignleft size-medium wp-image-5053\" src=\"http:\/\/www.ecuadoraldia.com.ec\/wp-content\/uploads\/2014\/09\/manaos12set-300x225.jpg\" alt=\"manaos12set\" width=\"300\" height=\"225\" srcset=\"https:\/\/www.ecuadoraldia.com.ec\/wp-content\/uploads\/2014\/09\/manaos12set-300x225.jpg 300w, https:\/\/www.ecuadoraldia.com.ec\/wp-content\/uploads\/2014\/09\/manaos12set.jpg 304w\" sizes=\"(max-width: 300px) 100vw, 300px\" \/><\/a>En la comunidad ind\u00edgena Lote 5- El Colorado del Pueblo Guaycur\u00fa, a unos 45 km al este de Quimil\u00ed, hace un mes recuperamos parte de nuestro territorio para impedir el ingreso de maquinas topadoras, rolos del empresario Orlando Canido \u00abManaos\u00bb, quien habr\u00eda comprado la propiedad a Morel Bullez empresario del agronegocio oriundo de Monte Ma\u00edz, provincia de Santa Fe a ra\u00edz de fracasados intentos de expulsi\u00f3n de las familias desde el 2004.<\/p>\n<p>Nota relacionada<\/p>\n<p>\u00abLa gente armada puesta por el empresario siguen aqu\u00ed, dan vueltas, pegan tiros para asustarnos. Es dif\u00edcil vivir. . esta gente contrata otra gente que van mostrando armas por las casas, matando animales de las familias, robando. Ahora se ha hecho un relevamiento, tenemos personer\u00eda jur\u00eddica&#8230;pero como hay plata en el medio nunca se sabe como ser\u00e1 el resultado. Nosotros hemos entregado todos los papeles a la justicia\u00bb, dice Miguel Perez miembro de la comunidad.<\/p>\n<p>En Bajo Hondo Comunidad Ind\u00edgena del Pueblo Guaycur\u00fa, a unos 80 km al sudeste de Quimili, Orlando Canido \u00abManaos\u00bb, en octubre de 2013 lleg\u00f3 ofreciendo viviendas, tendido el\u00e9ctrico y reubicaci\u00f3n de las m\u00e1s de 65 familias, al no poder negociar por 4mil Has, avanz\u00f3 bajo amenazas y amedrentamiento permanente, alambrando con custodia de paramilitares, parte del territorio comunitario. Actualmente el conflicto sigue tenso porque el sicario \u00abLachi\u00bb Letonai y su banda armada disparan contra los veh\u00edculos y las familias.<\/p>\n<p>En la Comunidad El Tunal del Pueblo Originario Vilela, a 16 km al norte de Quimil\u00ed, Orlando Canido \u00abManaos\u00bb viene comprando \u00abposesiones\u00bb a ex pobladores de la zona afectando el territorio y negando el acceso al agua de un pozo comunitario.<\/p>\n<p>M\u00e1s al norte de la provincia en el Dto Alberdi, desde el 2008 la Comunidad Sacha Sumaj del Pueblo Ind\u00edgena Lule Vilela, que nuclea varios parajes, las familias vienen resistiendo a situaciones complejas que amenazan su producci\u00f3n, la reproducci\u00f3n y sustento familiar debido a los intento de apropiaci\u00f3n de 5mil has por parte de Orlando Canido \u00abManaos\u00bb quien dice haber comprado las tierras en un remate a Banco Naci\u00f3n. La comunidad en 2011-2012 y finales del 2013 nuevamente han frenado el asentamiento de Manaos que vinieron con gente armada, casilla, alambre, topadora para instalarse y la \u00faltima vez alambraron, cerraron caminos vecinales, huellas y encerraron animales que se han muerto de sed. La comunidad sigue alerta y dispuesta a defender el territorio que es pastoreo de los animales.<\/p>\n<p>Somos Comunidades Ind\u00edgenas con personer\u00eda jur\u00eddica y hemos realizado el Relevamiento Territorial de Comunidades Ind\u00edgenas (Ley 26.160) con participaci\u00f3n del Estado Provincial y Estado Nacional.<\/p>\n<p>Desde las comunidades campesinas ind\u00edgenas denunciamos en varias oportunidades frente a la polic\u00eda y destacamentos locales correspondientes, ante la juezas Lucrecia Mart\u00ednez Llanos y Rosa Falco, ante V\u00edctor Rosales Directos de Bosques de la provincia dependiente del Ministerio de la producci\u00f3n dirigido por Luis Fernando Gelid y frente al Comit\u00e9 de Emergencia provincial. Como as\u00ed tambi\u00e9n informamos de todos los atropellos al Superior Tribunal de Justicia quien se comprometi\u00f3 a pedir informes de estas situaciones.<\/p>\n<p>Hasta ahora solo vemos como la Manaos sigue manoseando y manejando \u00abla justicia\u00bb a su servicio, como los empresarios Cura, Argibay, Tonani, Moschen, Crespin, Francisco Gonzalez, Mangone, y las empresas AFAGRO, AGD, CARGILL, MONSANTO y otras, acaparan las tierras donde vivimos las familias campesinas ind\u00edgenas, d\u00eda tras d\u00eda provocan situaciones de violencia ante la inacci\u00f3n e inoperancia del Poder Judicial y los organismos estatales.<\/p>\n<p>Advertimos, NO queremos otros Miguel Galvan y Cristian Ferreyra.<br \/>\nDefendemos nuestros territorios y lo seguiremos haciendo.<\/p>\n","protected":false},"excerpt":{"rendered":"<p>En la comunidad ind\u00edgena Lote 5- El Colorado del Pueblo Guaycur\u00fa, a unos 45 km al este de Quimil\u00ed, hace<\/p>\n","protected":false},"author":1,"featured_media":0,"comment_status":"open","ping_status":"open","sticky":false,"template":"","format":"standard","meta":{"footnotes":""},"categories":[7],"tags":[],"_links":{"self":[{"href":"https:\/\/www.ecuadoraldia.com.ec\/index.php?rest_route=\/wp\/v2\/posts\/5052"}],"collection":[{"href":"https:\/\/www.ecuadoraldia.com.ec\/index.php?rest_route=\/wp\/v2\/posts"}],"about":[{"href":"https:\/\/www.ecuadoraldia.com.ec\/index.php?rest_route=\/wp\/v2\/types\/post"}],"author":[{"embeddable":true,"href":"https:\/\/www.ecuadoraldia.com.ec\/index.php?rest_route=\/wp\/v2\/users\/1"}],"replies":[{"embeddable":true,"href":"https:\/\/www.ecuadoraldia.com.ec\/index.php?rest_route=%2Fwp%2Fv2%2Fcomments&post=5052"}],"version-history":[{"count":1,"href":"https:\/\/www.ecuadoraldia.com.ec\/index.php?rest_route=\/wp\/v2\/posts\/5052\/revisions"}],"predecessor-version":[{"id":5054,"href":"https:\/\/www.ecuadoraldia.com.ec\/index.php?rest_route=\/wp\/v2\/posts\/5052\/revisions\/5054"}],"wp:attachment":[{"href":"https:\/\/www.ecuadoraldia.com.ec\/index.php?rest_route=%2Fwp%2Fv2%2Fmedia&parent=5052"}],"wp:term":[{"taxonomy":"category","embeddable":true,"href":"https:\/\/www.ecuadoraldia.com.ec\/index.php?rest_route=%2Fwp%2Fv2%2Fcategories&post=5052"},{"taxonomy":"post_tag","embeddable":true,"href":"https:\/\/www.ecuadoraldia.com.ec\/index.php?rest_route=%2Fwp%2Fv2%2Ftags&post=5052"}],"curies":[{"name":"wp","href":"https:\/\/api.w.org\/{rel}","templated":true}]}}