{"id":5064,"date":"2014-09-15T12:31:22","date_gmt":"2014-09-15T12:31:22","guid":{"rendered":"http:\/\/www.ecuadoraldia.com.ec\/?p=5064"},"modified":"2014-09-15T12:31:22","modified_gmt":"2014-09-15T12:31:22","slug":"el-movimiento-sindical-de-trabajadores-busca-recomponerse","status":"publish","type":"post","link":"https:\/\/www.ecuadoraldia.com.ec\/?p=5064","title":{"rendered":"El movimiento sindical de trabajadores busca recomponerse"},"content":{"rendered":"<p><a href=\"http:\/\/www.ecuadoraldia.com.ec\/wp-content\/uploads\/2014\/09\/trabj.jpg\"><img loading=\"lazy\" decoding=\"async\" class=\"alignleft size-medium wp-image-5065\" src=\"http:\/\/www.ecuadoraldia.com.ec\/wp-content\/uploads\/2014\/09\/trabj-300x166.jpg\" alt=\"trabj\" width=\"300\" height=\"166\" srcset=\"https:\/\/www.ecuadoraldia.com.ec\/wp-content\/uploads\/2014\/09\/trabj-300x166.jpg 300w, https:\/\/www.ecuadoraldia.com.ec\/wp-content\/uploads\/2014\/09\/trabj.jpg 306w\" sizes=\"(max-width: 300px) 100vw, 300px\" \/><\/a>Un hogar en el que solo trabaja el padre, la madre es ama de casa y tienen tres hijos, el salario b\u00e1sico es de USD 340 y la canasta familiar cuesta USD 638. Ese es el escenario de la familia promedio en Ecuador, seg\u00fan los l\u00edderes sindicales. Y esta es apenas una de las razones por la que ellos marchar\u00e1n este mi\u00e9rcoles en b\u00fasqueda de mejoras en el \u00e1mbito laboral. Dentro del sindicalismo existe la expectativa de que no menos de 12 000 personas respondan a la convocatoria. Las pol\u00edticas laborales regresivas durante los siete a\u00f1os del Gobierno del presidente Rafael Correa han creado la necesidad de que el movimiento de los trabajadores se reconfigure, sobre todo luego del desgaste que ha vivido desde la d\u00e9cada de los 90. As\u00ed describe el presente sindical Ver\u00f3nica Mont\u00fafar, coordinadora de Proyectos de la Regional Andina de la Internacional de Servicios P\u00fablicos. El sitio de convocatoria ser\u00e1 el que siempre han usado las organizaciones gremiales: la avenida 10 de agosto, a la altura del IESS. Pero la movilizaci\u00f3n ser\u00e1 de car\u00e1cter nacional y en las capitales provinciales lo har\u00e1n hacia las gobernaciones. La bandera de esta protesta no solo ser\u00e1 la reivindicaci\u00f3n de temas laborales. La lista es larga y se engrosa con los planteamientos de otros sectores, como el movimiento ind\u00edgena, la Uni\u00f3n Nacional de Educadores (UNE), la Federaci\u00f3n M\u00e9dica Ecuatoriana y otras organizaciones sociales. Juntos reclamar\u00e1n por el proyecto de C\u00f3digo Laboral, el proyecto de enmiendas constitucionales, el Decreto 016, la Ley de Aguas, el proyecto de Ley de Tierras, el salario b\u00e1sico, los despidos colectivos, la seguridad social, la intenci\u00f3n de trasladar los fondos previsionales al Biess y de disminuir las utilidades de los empleados de las telef\u00f3nicas. Mont\u00fafar sostiene que es el momento para que el movimiento se regenere e invite al Gobierno a un proceso de di\u00e1logo. Tiene dos retos fundamentales: parar la pol\u00edtica laboral regresiva y demostrar que tienen la capacidad de presentar una propuesta de unidad sindical. A sus ojos este es un proceso de reconstituci\u00f3n de su credibilidad y legitimidad, resultados que se ver\u00edan a mediano y largo plazo. Si bien desde la d\u00e9cada de los 90 el sindicalismo padeci\u00f3 una crisis de representatividad en las demandas de los trabajadores frente a lo que se denomin\u00f3 \u201cla ofensiva neoliberal\u201d, en este siglo se mostraron aliados al inicio de este Gobierno. Ahora, el movimiento sindical se divide entre quienes consideran que este contin\u00faa con el mejoramiento de las condiciones de vida y aquellos que dicen sentirse traicionados. \u201cAl inicio apoyamos la propuesta del Gobierno y una vez m\u00e1s fuimos enga\u00f1ados\u201d, dice Mario Morales, secretario de la Federaci\u00f3n de Trabajadores Libres de Pichincha (Fetralpi). Por eso, se unir\u00e1n a la marcha aferrados al derecho a la protesta y la resistencia. En cambio, para Jos\u00e9 Chusin, de la Federaci\u00f3n Unitaria de Organizaciones Sociales (FUOS), el Gobierno tiene que transparentar sus verdaderas intenciones pol\u00edticas: un proyecto capitalista y no socialista. La movilizaci\u00f3n ser\u00eda solo el inicio de una agenda que a futuro podr\u00eda terminar en una huelga nacional. Estos dirigentes aceptan que es dif\u00edcil organizarse y que les ha tomado tiempo, unos tres a\u00f1os, especialmente porque no tienen los recursos econ\u00f3micos. El objetivo es el di\u00e1logo, dice Edwin Bedoya, de la Confederaci\u00f3n Ecuatoriana de Organizaciones Clasistas Unitarias de Trabajadores (Cedocut), y niega que se trate de desestabilizar al Gobierno. No todos los trabajadores est\u00e1n de acuerdo con la posici\u00f3n del FUT. Jaime Arciniegas, del Parlamento Laboral Ecuatoriano, tiene una versi\u00f3n distinta. Esta organizaci\u00f3n ha dialogado con el Gobierno y el pr\u00f3ximo lunes recibir\u00e1n formalmente el nuevo proyecto legal para analizarlo. Por lo tanto, no ve la raz\u00f3n para movilizarse por una normativa que a\u00fan no conocen. Y cuenta que mantendr\u00e1n mesas de di\u00e1logo con el Gobierno y con la Organizaci\u00f3n Internacional del Trabajo (OIT). Aunque este gremio tiene un punto en el que coincide con el FUT: no aceptar\u00e1n las enmiendas constitucionales en el tema laboral. Y esta posici\u00f3n, asegura Arciniegas, conoce bien el ministro Carrasco. Otra organizaci\u00f3n que se ha mostrado af\u00edn al Gobierno, la Confederaci\u00f3n de Trabajadores del Ecuador (CTE), en cambio, s\u00ed se sumar\u00e1 a la protesta, aunque no coincidan con todas sus demandas. Su dirigente, \u00c9dgar Sarango, cree necesario aclarar que no significa un divorcio con el R\u00e9gimen pues apoyan los procesos de cambio en otras \u00e1reas. Las organizaciones sindicales insisten en que de su lado no ha habido una negaci\u00f3n al di\u00e1logo. Pero tambi\u00e9n tienen una necesidad: demostrar que han recuperado fuerza. Y para ello deber\u00e1n enfrentar la fuerza gubernamental, que organizar\u00e1 un festival de m\u00fasica en la Plaza Grande ese mismo d\u00eda, seg\u00fan anunci\u00f3 el Presidente. En contexto La marcha de este mi\u00e9rcoles es la tercera que realizan los sindicatos en este a\u00f1o. El 1 de mayo y el 17 de julio ya hubo movilizaciones, en las que se abordaron varios temas pol\u00edticos. La concentraci\u00f3n en esta ocasi\u00f3n ser\u00e1 a las 16:00, en la av. 10 de Agosto, frente al IESS.<\/p>\n<p>EL COMERCIO<\/p>\n","protected":false},"excerpt":{"rendered":"<p>Un hogar en el que solo trabaja el padre, la madre es ama de casa y tienen tres hijos, el<\/p>\n","protected":false},"author":1,"featured_media":0,"comment_status":"open","ping_status":"open","sticky":false,"template":"","format":"standard","meta":{"footnotes":""},"categories":[11],"tags":[],"_links":{"self":[{"href":"https:\/\/www.ecuadoraldia.com.ec\/index.php?rest_route=\/wp\/v2\/posts\/5064"}],"collection":[{"href":"https:\/\/www.ecuadoraldia.com.ec\/index.php?rest_route=\/wp\/v2\/posts"}],"about":[{"href":"https:\/\/www.ecuadoraldia.com.ec\/index.php?rest_route=\/wp\/v2\/types\/post"}],"author":[{"embeddable":true,"href":"https:\/\/www.ecuadoraldia.com.ec\/index.php?rest_route=\/wp\/v2\/users\/1"}],"replies":[{"embeddable":true,"href":"https:\/\/www.ecuadoraldia.com.ec\/index.php?rest_route=%2Fwp%2Fv2%2Fcomments&post=5064"}],"version-history":[{"count":1,"href":"https:\/\/www.ecuadoraldia.com.ec\/index.php?rest_route=\/wp\/v2\/posts\/5064\/revisions"}],"predecessor-version":[{"id":5066,"href":"https:\/\/www.ecuadoraldia.com.ec\/index.php?rest_route=\/wp\/v2\/posts\/5064\/revisions\/5066"}],"wp:attachment":[{"href":"https:\/\/www.ecuadoraldia.com.ec\/index.php?rest_route=%2Fwp%2Fv2%2Fmedia&parent=5064"}],"wp:term":[{"taxonomy":"category","embeddable":true,"href":"https:\/\/www.ecuadoraldia.com.ec\/index.php?rest_route=%2Fwp%2Fv2%2Fcategories&post=5064"},{"taxonomy":"post_tag","embeddable":true,"href":"https:\/\/www.ecuadoraldia.com.ec\/index.php?rest_route=%2Fwp%2Fv2%2Ftags&post=5064"}],"curies":[{"name":"wp","href":"https:\/\/api.w.org\/{rel}","templated":true}]}}