{"id":5067,"date":"2014-09-15T12:33:46","date_gmt":"2014-09-15T12:33:46","guid":{"rendered":"http:\/\/www.ecuadoraldia.com.ec\/?p=5067"},"modified":"2014-09-15T12:33:46","modified_gmt":"2014-09-15T12:33:46","slug":"los-concejales-de-vive-rechazan-declaraciones-de-antonio-ricaurte","status":"publish","type":"post","link":"https:\/\/www.ecuadoraldia.com.ec\/?p=5067","title":{"rendered":"Los concejales de VIVE rechazan declaraciones de Antonio Ricaurte"},"content":{"rendered":"<p><a href=\"http:\/\/www.ecuadoraldia.com.ec\/wp-content\/uploads\/2014\/09\/R-R.jpg\"><img loading=\"lazy\" decoding=\"async\" class=\"alignleft size-medium wp-image-5068\" src=\"http:\/\/www.ecuadoraldia.com.ec\/wp-content\/uploads\/2014\/09\/R-R-300x166.jpg\" alt=\"R R\" width=\"300\" height=\"166\" srcset=\"https:\/\/www.ecuadoraldia.com.ec\/wp-content\/uploads\/2014\/09\/R-R-300x166.jpg 300w, https:\/\/www.ecuadoraldia.com.ec\/wp-content\/uploads\/2014\/09\/R-R.jpg 306w\" sizes=\"(max-width: 300px) 100vw, 300px\" \/><\/a>Los concejales de Quito que pertenecen al movimiento VIVE presentaron hoy, 13 de septiembre, un manifiesto en el que rechazan las declaraciones del concejal Antonio Ricaurte, quien critic\u00f3 al alcalde Mauricio Rodas por haber asistido a la reuni\u00f3n en Guaranda el mi\u00e9rcoles pasado. El viernes, Ricaurte afirm\u00f3 que la alianza pol\u00edtico electoral entre SUMA y VIVE no fue para oponerse al Gobierno y que, por el contrario, fue para coordinar acciones y trabajar de manera conjunta la capital. El concejal dijo que jam\u00e1s permitir\u00e1 que se produzca una reuni\u00f3n con fines de oposici\u00f3n al Gobierno desde un espacio de derecha. Frente a estas declaraciones, los concejales de VIVE Sergio Garnica, Renata Moreno, Mario Granda y Pedro Freire informaron que esa postura es personal y que no corresponde al pensamiento del movimiento. \u201cNos sumamos a los 12 puntos abordados en la ciudad de Guaranda en defensa de la autonom\u00eda de los gobiernos locales y la descentralizaci\u00f3n como un principio fundamental de la democracia\u201d, se\u00f1ala el manifiesto. Adem\u00e1s se\u00f1alan que ratifican su apertura al di\u00e1logo con el Gobierno nacional y reiteran el respaldo al alcalde Rodas, \u201cas\u00ed como nuestra voluntad de seguir fortaleciendo la alianza SUMA-VIVE\u201d. EL COMERCIO<\/p>\n","protected":false},"excerpt":{"rendered":"<p>Los concejales de Quito que pertenecen al movimiento VIVE presentaron hoy, 13 de septiembre, un manifiesto en el que rechazan<\/p>\n","protected":false},"author":1,"featured_media":0,"comment_status":"open","ping_status":"open","sticky":false,"template":"","format":"standard","meta":{"footnotes":""},"categories":[14],"tags":[],"_links":{"self":[{"href":"https:\/\/www.ecuadoraldia.com.ec\/index.php?rest_route=\/wp\/v2\/posts\/5067"}],"collection":[{"href":"https:\/\/www.ecuadoraldia.com.ec\/index.php?rest_route=\/wp\/v2\/posts"}],"about":[{"href":"https:\/\/www.ecuadoraldia.com.ec\/index.php?rest_route=\/wp\/v2\/types\/post"}],"author":[{"embeddable":true,"href":"https:\/\/www.ecuadoraldia.com.ec\/index.php?rest_route=\/wp\/v2\/users\/1"}],"replies":[{"embeddable":true,"href":"https:\/\/www.ecuadoraldia.com.ec\/index.php?rest_route=%2Fwp%2Fv2%2Fcomments&post=5067"}],"version-history":[{"count":1,"href":"https:\/\/www.ecuadoraldia.com.ec\/index.php?rest_route=\/wp\/v2\/posts\/5067\/revisions"}],"predecessor-version":[{"id":5069,"href":"https:\/\/www.ecuadoraldia.com.ec\/index.php?rest_route=\/wp\/v2\/posts\/5067\/revisions\/5069"}],"wp:attachment":[{"href":"https:\/\/www.ecuadoraldia.com.ec\/index.php?rest_route=%2Fwp%2Fv2%2Fmedia&parent=5067"}],"wp:term":[{"taxonomy":"category","embeddable":true,"href":"https:\/\/www.ecuadoraldia.com.ec\/index.php?rest_route=%2Fwp%2Fv2%2Fcategories&post=5067"},{"taxonomy":"post_tag","embeddable":true,"href":"https:\/\/www.ecuadoraldia.com.ec\/index.php?rest_route=%2Fwp%2Fv2%2Ftags&post=5067"}],"curies":[{"name":"wp","href":"https:\/\/api.w.org\/{rel}","templated":true}]}}