{"id":507,"date":"2013-07-21T19:53:11","date_gmt":"2013-07-21T19:53:11","guid":{"rendered":"http:\/\/www.ecuadoraldia.com.ec\/?p=507"},"modified":"2013-07-21T19:53:11","modified_gmt":"2013-07-21T19:53:11","slug":"morales-llega-de-visita-a-ecuador-este-lunes-en-horas-de-la-noche","status":"publish","type":"post","link":"https:\/\/www.ecuadoraldia.com.ec\/?p=507","title":{"rendered":"Morales llega de visita  a Ecuador este lunes  en horas de la noche"},"content":{"rendered":"<p><a href=\"http:\/\/www.ecuadoraldia.com.ec\/wp-content\/uploads\/2013\/07\/correa-y-evo.jpg\"><img loading=\"lazy\" decoding=\"async\" class=\"alignleft size-medium wp-image-508\" alt=\"correa y evo\" src=\"http:\/\/www.ecuadoraldia.com.ec\/wp-content\/uploads\/2013\/07\/correa-y-evo-300x141.jpg\" width=\"300\" height=\"141\" srcset=\"https:\/\/www.ecuadoraldia.com.ec\/wp-content\/uploads\/2013\/07\/correa-y-evo-300x141.jpg 300w, https:\/\/www.ecuadoraldia.com.ec\/wp-content\/uploads\/2013\/07\/correa-y-evo.jpg 635w\" sizes=\"(max-width: 300px) 100vw, 300px\" \/><\/a>Domingo 21-julio-2013. Quito. EFE. El presidente de Bolivia, Evo Morales, llegar\u00e1 este lunes a Quito para reunirse el martes con el mandatario ecuatoriano, Rafael Correa, firmar acuerdos y recibir homenajes y expresiones de solidaridad, inform\u00f3 hoy una fuente oficial.<\/p>\n<p>De acuerdo con el \u00abmanual de prensa\u00bb distribuido por la Canciller\u00eda ecuatoriana, Morales arribar\u00e1 a las 22.00 hora local (03.00 GMT) del lunes al aeropuerto Mariscal Sucre, de Quito.<\/p>\n<p>Seg\u00fan la agenda, que es susceptible de cambios, Morales participar\u00e1 el martes a las 08.00 hora local (13.00 GMT) en una ceremonia de colocaci\u00f3n de una ofrenda floral en honor de los h\u00e9roes de la emancipaci\u00f3n de Am\u00e9rica en la \u00abPlaza de la Independencia\u00bb, frente al palacio presidencial de Carondelet.<\/p>\n<p>El mandatario boliviano recibir\u00e1 luego las \u00abllaves de la ciudad\u00bb en la Alcald\u00eda de Quito para posteriormente participar en una reuni\u00f3n privada con Correa en el palacio de Carondelet, sede del Ejecutivo.<\/p>\n<p>Poco despu\u00e9s del mediod\u00eda del martes, se prev\u00e9 la suscripci\u00f3n de convenios y una rueda de prensa, seg\u00fan el comunicado, que no detalla el \u00e1mbito de los acuerdos.<\/p>\n<p>No obstante, la embajada ecuatoriana en La Paz destac\u00f3 que ser\u00e1 la primera visita bilateral oficial de Morales a Correa y en ella se firmar\u00e1n acuerdos en salud, deportes y defensa de patrimonio.<\/p>\n<p>A las 17.30 hora local (22.30 GMT), se desarrollar\u00e1 en el Teatro Nacional de la Casa de la Cultura Ecuatoriana, en Quito, un \u00abacto en solidaridad\u00bb con Morales.<\/p>\n<p>El pasado jueves, el canciller de Ecuador, Ricardo Pati\u00f1o, se reuni\u00f3 con cuatro diplom\u00e1ticos bolivianos llamados a consultas en relaci\u00f3n con el bloqueo de acceso al espacio a\u00e9reo de varias naciones europeas al avi\u00f3n de Morales, el 2 de julio \u00faltimo.<\/p>\n<p>Los diplom\u00e1ticos, indic\u00f3 entonces la Canciller\u00eda, fueron llamados para ofrecer \u00abinformaci\u00f3n precisa\u00bb acerca del incidente ocurrido cuando, seg\u00fan el Gobierno boliviano, Francia, Italia y Portugal negaron el tr\u00e1nsito a\u00e9reo al avi\u00f3n de Morales por sospechas de que a bordo viajaba el ext\u00e9cnico de la CIA Edward Snowden, reclamado por EE.UU. por divulgar informaci\u00f3n secreta.<\/p>\n<p>Morales, que tuvo que permanecer 13 horas en Viena a la espera de un nuevo plan de vuelo, incluy\u00f3 a Espa\u00f1a en el reclamo porque, seg\u00fan denunci\u00f3, el embajador espa\u00f1ol en Austria, Alberto Carnero, quiso revisar su avi\u00f3n para verificar si Snowden viajaba o no con \u00e9l.<\/p>\n<p>Correa fue uno de los mandatarios solidarios con Morales por el incidente sufrido por su aeronave el pasado 2 de julio en varios pa\u00edses europeos y asisti\u00f3 a una reuni\u00f3n celebrada en Cochabamba junto a los mandatarios de otras cuatro naciones para respaldarlo.<\/p>\n<p>Bolivia y Ecuador, que integran la Uni\u00f3n de Naciones Suramericanas (Unasur), tambi\u00e9n forman parte de la Alianza Bolivariana de los Pueblos de Nuestra Am\u00e9rica (Alba). EFE<\/p>\n","protected":false},"excerpt":{"rendered":"<p>Domingo 21-julio-2013. Quito. EFE. El presidente de Bolivia, Evo Morales, llegar\u00e1 este lunes a Quito para reunirse el martes con<\/p>\n","protected":false},"author":1,"featured_media":0,"comment_status":"open","ping_status":"open","sticky":false,"template":"","format":"standard","meta":{"footnotes":""},"categories":[1],"tags":[],"_links":{"self":[{"href":"https:\/\/www.ecuadoraldia.com.ec\/index.php?rest_route=\/wp\/v2\/posts\/507"}],"collection":[{"href":"https:\/\/www.ecuadoraldia.com.ec\/index.php?rest_route=\/wp\/v2\/posts"}],"about":[{"href":"https:\/\/www.ecuadoraldia.com.ec\/index.php?rest_route=\/wp\/v2\/types\/post"}],"author":[{"embeddable":true,"href":"https:\/\/www.ecuadoraldia.com.ec\/index.php?rest_route=\/wp\/v2\/users\/1"}],"replies":[{"embeddable":true,"href":"https:\/\/www.ecuadoraldia.com.ec\/index.php?rest_route=%2Fwp%2Fv2%2Fcomments&post=507"}],"version-history":[{"count":2,"href":"https:\/\/www.ecuadoraldia.com.ec\/index.php?rest_route=\/wp\/v2\/posts\/507\/revisions"}],"predecessor-version":[{"id":510,"href":"https:\/\/www.ecuadoraldia.com.ec\/index.php?rest_route=\/wp\/v2\/posts\/507\/revisions\/510"}],"wp:attachment":[{"href":"https:\/\/www.ecuadoraldia.com.ec\/index.php?rest_route=%2Fwp%2Fv2%2Fmedia&parent=507"}],"wp:term":[{"taxonomy":"category","embeddable":true,"href":"https:\/\/www.ecuadoraldia.com.ec\/index.php?rest_route=%2Fwp%2Fv2%2Fcategories&post=507"},{"taxonomy":"post_tag","embeddable":true,"href":"https:\/\/www.ecuadoraldia.com.ec\/index.php?rest_route=%2Fwp%2Fv2%2Ftags&post=507"}],"curies":[{"name":"wp","href":"https:\/\/api.w.org\/{rel}","templated":true}]}}