{"id":5076,"date":"2014-09-15T22:43:59","date_gmt":"2014-09-15T22:43:59","guid":{"rendered":"http:\/\/www.ecuadoraldia.com.ec\/?p=5076"},"modified":"2014-09-15T22:43:59","modified_gmt":"2014-09-15T22:43:59","slug":"pensiones-alimenticias-se-paragan-con-prestamos-del-biess","status":"publish","type":"post","link":"https:\/\/www.ecuadoraldia.com.ec\/?p=5076","title":{"rendered":"Pensiones alimenticias se parag\u00e1n con pr\u00e9stamos del BIESS"},"content":{"rendered":"<p><a href=\"http:\/\/www.ecuadoraldia.com.ec\/wp-content\/uploads\/2014\/09\/bies-justicia.jpg\"><img loading=\"lazy\" decoding=\"async\" class=\"alignleft size-medium wp-image-5077\" src=\"http:\/\/www.ecuadoraldia.com.ec\/wp-content\/uploads\/2014\/09\/bies-justicia-300x195.jpg\" alt=\"bies justicia\" width=\"300\" height=\"195\" srcset=\"https:\/\/www.ecuadoraldia.com.ec\/wp-content\/uploads\/2014\/09\/bies-justicia-300x195.jpg 300w, https:\/\/www.ecuadoraldia.com.ec\/wp-content\/uploads\/2014\/09\/bies-justicia.jpg 450w\" sizes=\"(max-width: 300px) 100vw, 300px\" \/><\/a>El Ministerio de Justicia y el BIESS firmaron este lunes un convenio que permitir\u00e1, a partir de octubre, otorgar pr\u00e9stamos quirografarios y prendarios a los padres que han sido demandados o est\u00e1n en prisi\u00f3n por no cumplir con el pago de las pensiones alimenticias.<\/p>\n<p>El objetivo principal es mejorar la calidad de vida de los menores cuyos padres no cuentan con el recurso econ\u00f3mico necesario para la cancelaci\u00f3n de estas obligaciones. Asimismo evitar que ciudadanos sean privados de libertad por este causa.<\/p>\n<p>El presidente del Consejo Directivo del IESS, Hugo Villacr\u00e9s, explic\u00f3 que el pr\u00e9stamo podr\u00e1 hacerse efectivo en un m\u00e1ximo de 72 horas, \u00abcon una tasa de inter\u00e9s de 9,75% a un periodo m\u00e1ximo de 5 a\u00f1os, y en donde calculamos la capacidad de endeudamiento que puede tener el padre de familia a partir de su nivel de ingresos\u00bb.<\/p>\n<p>Respecto a los 594 padres privados de libertad por no cumplir con sus obligaciones, estos podr\u00e1n comenzar el tr\u00e1mite para el cr\u00e9dito a partir de esta semana, indic\u00f3 la ministra de Justicia, Ledy Z\u00fa\u00f1iga. \u00abNosotros esta misma semana entregaremos ya la cartera de posibles clientes al BIESS para que califique su capacidad de cr\u00e9dito y puedan ser una alternativa de que estas personas recobren su libertad y cumplan sobre todo la obligaci\u00f3n que tienen con el menor\u00bb, sostuvo la funcionaria.<\/p>\n<p>Si los padres demandados no son afiliados al Seguro Social podr\u00e1n solicitar al BIESS un cr\u00e9dito prendario. \u00abSe acerca con sus joyas y a partir de una valoraci\u00f3n que se hace dentro del BIESS, usted recibe un cr\u00e9dito, que tambi\u00e9n tiene un plazo determinado, que generalmente van entre 3 y 5 a\u00f1os\u00bb, se\u00f1al\u00f3 Villacr\u00e9s.<\/p>\n<p>La Ministra Zu\u00f1iga reiter\u00f3 que el dinero entregado ser\u00e1 \u00fanica y exclusivamente para beneficios del beneficiarios y no para otros fines.<\/p>\n<p>De otro lado la funcionaris no descarta introducir reformas al c\u00f3digo de la ni\u00f1ez y adolescencia, para evitar ciertas irregularidades en el manejo de esos fondos por parte de las madres de los menores.<\/p>\n<p>&nbsp;<\/p>\n","protected":false},"excerpt":{"rendered":"<p>El Ministerio de Justicia y el BIESS firmaron este lunes un convenio que permitir\u00e1, a partir de octubre, otorgar pr\u00e9stamos<\/p>\n","protected":false},"author":1,"featured_media":0,"comment_status":"open","ping_status":"open","sticky":false,"template":"","format":"standard","meta":{"footnotes":""},"categories":[4],"tags":[],"_links":{"self":[{"href":"https:\/\/www.ecuadoraldia.com.ec\/index.php?rest_route=\/wp\/v2\/posts\/5076"}],"collection":[{"href":"https:\/\/www.ecuadoraldia.com.ec\/index.php?rest_route=\/wp\/v2\/posts"}],"about":[{"href":"https:\/\/www.ecuadoraldia.com.ec\/index.php?rest_route=\/wp\/v2\/types\/post"}],"author":[{"embeddable":true,"href":"https:\/\/www.ecuadoraldia.com.ec\/index.php?rest_route=\/wp\/v2\/users\/1"}],"replies":[{"embeddable":true,"href":"https:\/\/www.ecuadoraldia.com.ec\/index.php?rest_route=%2Fwp%2Fv2%2Fcomments&post=5076"}],"version-history":[{"count":1,"href":"https:\/\/www.ecuadoraldia.com.ec\/index.php?rest_route=\/wp\/v2\/posts\/5076\/revisions"}],"predecessor-version":[{"id":5078,"href":"https:\/\/www.ecuadoraldia.com.ec\/index.php?rest_route=\/wp\/v2\/posts\/5076\/revisions\/5078"}],"wp:attachment":[{"href":"https:\/\/www.ecuadoraldia.com.ec\/index.php?rest_route=%2Fwp%2Fv2%2Fmedia&parent=5076"}],"wp:term":[{"taxonomy":"category","embeddable":true,"href":"https:\/\/www.ecuadoraldia.com.ec\/index.php?rest_route=%2Fwp%2Fv2%2Fcategories&post=5076"},{"taxonomy":"post_tag","embeddable":true,"href":"https:\/\/www.ecuadoraldia.com.ec\/index.php?rest_route=%2Fwp%2Fv2%2Ftags&post=5076"}],"curies":[{"name":"wp","href":"https:\/\/api.w.org\/{rel}","templated":true}]}}