{"id":5079,"date":"2014-09-15T22:51:08","date_gmt":"2014-09-15T22:51:08","guid":{"rendered":"http:\/\/www.ecuadoraldia.com.ec\/?p=5079"},"modified":"2014-09-15T22:51:08","modified_gmt":"2014-09-15T22:51:08","slug":"el-municipio-tiene-toda-la-capacidad-para-establecer-las-tarifas-del-trasporte-urbano","status":"publish","type":"post","link":"https:\/\/www.ecuadoraldia.com.ec\/?p=5079","title":{"rendered":"El Municipio tiene toda la capacidad para establecer las tarifas del trasporte urbano"},"content":{"rendered":"<p><a href=\"http:\/\/www.ecuadoraldia.com.ec\/wp-content\/uploads\/2014\/09\/SOLORZANO_.jpg\"><img loading=\"lazy\" decoding=\"async\" class=\"alignleft size-medium wp-image-5080\" src=\"http:\/\/www.ecuadoraldia.com.ec\/wp-content\/uploads\/2014\/09\/SOLORZANO_-300x187.jpg\" alt=\"SOLORZANO_\" width=\"300\" height=\"187\" srcset=\"https:\/\/www.ecuadoraldia.com.ec\/wp-content\/uploads\/2014\/09\/SOLORZANO_-300x187.jpg 300w, https:\/\/www.ecuadoraldia.com.ec\/wp-content\/uploads\/2014\/09\/SOLORZANO_.jpg 450w\" sizes=\"(max-width: 300px) 100vw, 300px\" \/><\/a>H\u00e9ctor Sol\u00f3rzano, director ejecutivo de la Agencia Nacional de Tr\u00e1nsito (ANT), dio una rueda de prensa esta ma\u00f1ana para referirse al traspaso de las competencias de tr\u00e1nsito que el Municipio de Guayaquil debe asumir.<\/p>\n<p>Sol\u00f3rzano indic\u00f3 que Guayaquil ya tiene la competencia de matriculaci\u00f3n y que hoy se le entrega la de t\u00edtulos habilitantes donde est\u00e1 inclu\u00eddo la regulaci\u00f3n de tarifas de transporte; adem\u00e1s en enero pr\u00f3ximo deber\u00e1 asumir las del control operativo. El funcionario reiter\u00f3 que la ley es clara con respecto a qui\u00e9n debe poner el valor de los pasajes para los buses urbanos.<\/p>\n<p>\u00abLa ley es muy clara en el art\u00edculo 30.5 donde se se\u00f1ala que los Municipios son los que deben establecer las tarifas\u00bb, dijo Sol\u00f3rzano quien agreg\u00f3 que el Municipio de Guayaquil tiene toda la capacidad para establecer los valores de los pasajes en base a un estudio t\u00e9cnico.<\/p>\n<p>El directivo insisti\u00f3 en que esta competencia debi\u00f3 ser traspasada al Municipio de Guayaquil hace tiempo y es por eso que ahora se apresura el proceso.<\/p>\n<p>Sol\u00f3rzano aclar\u00f3 que la ANT no puede fijar una tarifa nacional porque \u00abno podemos pretender que un bus que recorre 60 kil\u00f3metros con 800 pasajeros diarios tenga la misma tarifa que uno que recorre 2 kil\u00f3metros con 50 personas diarias. Es por eso que cada Municipio debe poner su tarifa\u00bb, sentenci\u00f3.<\/p>\n","protected":false},"excerpt":{"rendered":"<p>H\u00e9ctor Sol\u00f3rzano, director ejecutivo de la Agencia Nacional de Tr\u00e1nsito (ANT), dio una rueda de prensa esta ma\u00f1ana para referirse<\/p>\n","protected":false},"author":1,"featured_media":0,"comment_status":"open","ping_status":"open","sticky":false,"template":"","format":"standard","meta":{"footnotes":""},"categories":[3],"tags":[],"_links":{"self":[{"href":"https:\/\/www.ecuadoraldia.com.ec\/index.php?rest_route=\/wp\/v2\/posts\/5079"}],"collection":[{"href":"https:\/\/www.ecuadoraldia.com.ec\/index.php?rest_route=\/wp\/v2\/posts"}],"about":[{"href":"https:\/\/www.ecuadoraldia.com.ec\/index.php?rest_route=\/wp\/v2\/types\/post"}],"author":[{"embeddable":true,"href":"https:\/\/www.ecuadoraldia.com.ec\/index.php?rest_route=\/wp\/v2\/users\/1"}],"replies":[{"embeddable":true,"href":"https:\/\/www.ecuadoraldia.com.ec\/index.php?rest_route=%2Fwp%2Fv2%2Fcomments&post=5079"}],"version-history":[{"count":1,"href":"https:\/\/www.ecuadoraldia.com.ec\/index.php?rest_route=\/wp\/v2\/posts\/5079\/revisions"}],"predecessor-version":[{"id":5081,"href":"https:\/\/www.ecuadoraldia.com.ec\/index.php?rest_route=\/wp\/v2\/posts\/5079\/revisions\/5081"}],"wp:attachment":[{"href":"https:\/\/www.ecuadoraldia.com.ec\/index.php?rest_route=%2Fwp%2Fv2%2Fmedia&parent=5079"}],"wp:term":[{"taxonomy":"category","embeddable":true,"href":"https:\/\/www.ecuadoraldia.com.ec\/index.php?rest_route=%2Fwp%2Fv2%2Fcategories&post=5079"},{"taxonomy":"post_tag","embeddable":true,"href":"https:\/\/www.ecuadoraldia.com.ec\/index.php?rest_route=%2Fwp%2Fv2%2Ftags&post=5079"}],"curies":[{"name":"wp","href":"https:\/\/api.w.org\/{rel}","templated":true}]}}