{"id":5085,"date":"2014-09-16T12:01:49","date_gmt":"2014-09-16T12:01:49","guid":{"rendered":"http:\/\/www.ecuadoraldia.com.ec\/?p=5085"},"modified":"2014-09-16T12:01:49","modified_gmt":"2014-09-16T12:01:49","slug":"el-jueves-audiencia-sobre-las-enmiendas-constitucionales","status":"publish","type":"post","link":"https:\/\/www.ecuadoraldia.com.ec\/?p=5085","title":{"rendered":"El jueves, audiencia sobre las enmiendas constitucionales"},"content":{"rendered":"<p><a href=\"http:\/\/www.ecuadoraldia.com.ec\/wp-content\/uploads\/2014\/09\/ccecu.jpg\"><img loading=\"lazy\" decoding=\"async\" class=\"alignleft size-medium wp-image-5086\" src=\"http:\/\/www.ecuadoraldia.com.ec\/wp-content\/uploads\/2014\/09\/ccecu-300x200.jpg\" alt=\"ccecu\" width=\"300\" height=\"200\" srcset=\"https:\/\/www.ecuadoraldia.com.ec\/wp-content\/uploads\/2014\/09\/ccecu-300x200.jpg 300w, https:\/\/www.ecuadoraldia.com.ec\/wp-content\/uploads\/2014\/09\/ccecu.jpg 304w\" sizes=\"(max-width: 300px) 100vw, 300px\" \/><\/a>QUITO.- Mediante providencia del 4 de septiembre, la jueza de la Corte Constitucional (CC), Wendy Molina, convoc\u00f3 para este jueves a las 9:00 a 29 personas entre demandados y demandantes al paquete de 17 enmiendas constitucionales planteadas por el oficialismo, que incluye la reelecci\u00f3n indefinida para todas las autoridades de elecci\u00f3n popular.<\/p>\n<p>Molina avoc\u00f3 conocimiento del caso signado con el No. 0001-14-RC, el 12 de agosto anterior.<\/p>\n<p>Entre las autoridades convocadas figuran: la presidenta de la Legislatura, Gabriela Rivadeneira, en calidad de proponente del proyecto, as\u00ed como Alexis Mera, secretario general jur\u00eddico de la Presidencia de la Rep\u00fablica. En la n\u00f3mina tambi\u00e9n est\u00e1n: Luis Villacis y Milton Gual\u00e1n, director del MPD y asamble\u00edsta por Zamora Chinchipe, respectivamente.<\/p>\n<p>A estos se suman Pablo Serrano, presidente de la Ceols y otros representantes de sindicatos de trabajadores que se oponen a las reformas. Asimismo, los asamble\u00edstas de oposici\u00f3n, Mae Monta\u00f1o, Valencia y Patricio Donoso, del movimiento CREO, entre otros.<\/p>\n<p>Los consejeros del Consejo de Participaci\u00f3n Ciudadana (CPC) Andrea Rivera y David Rosero, tambi\u00e9n deber\u00e1n presentarse a la diligencia, pues tambi\u00e9n solicitaron a la CC que deseche el pedido del movimiento oficialista. Todos estos sectores piden una consulta popular.<\/p>\n<p>Entre los temas m\u00e1s cruciales dentro de las 17 enmiendas presentadas, est\u00e1n la reelecci\u00f3n indefinida, el papel de la Contralor\u00eda para observar la gesti\u00f3n de las instituciones p\u00fablicas, Fuerzas Armadas, reformas laborales, entre otros. (ANL)<\/p>\n<p>&nbsp;<\/p>\n<p>&nbsp;<\/p>\n","protected":false},"excerpt":{"rendered":"<p>QUITO.- Mediante providencia del 4 de septiembre, la jueza de la Corte Constitucional (CC), Wendy Molina, convoc\u00f3 para este jueves<\/p>\n","protected":false},"author":1,"featured_media":0,"comment_status":"open","ping_status":"open","sticky":false,"template":"","format":"standard","meta":{"footnotes":""},"categories":[1],"tags":[],"_links":{"self":[{"href":"https:\/\/www.ecuadoraldia.com.ec\/index.php?rest_route=\/wp\/v2\/posts\/5085"}],"collection":[{"href":"https:\/\/www.ecuadoraldia.com.ec\/index.php?rest_route=\/wp\/v2\/posts"}],"about":[{"href":"https:\/\/www.ecuadoraldia.com.ec\/index.php?rest_route=\/wp\/v2\/types\/post"}],"author":[{"embeddable":true,"href":"https:\/\/www.ecuadoraldia.com.ec\/index.php?rest_route=\/wp\/v2\/users\/1"}],"replies":[{"embeddable":true,"href":"https:\/\/www.ecuadoraldia.com.ec\/index.php?rest_route=%2Fwp%2Fv2%2Fcomments&post=5085"}],"version-history":[{"count":1,"href":"https:\/\/www.ecuadoraldia.com.ec\/index.php?rest_route=\/wp\/v2\/posts\/5085\/revisions"}],"predecessor-version":[{"id":5087,"href":"https:\/\/www.ecuadoraldia.com.ec\/index.php?rest_route=\/wp\/v2\/posts\/5085\/revisions\/5087"}],"wp:attachment":[{"href":"https:\/\/www.ecuadoraldia.com.ec\/index.php?rest_route=%2Fwp%2Fv2%2Fmedia&parent=5085"}],"wp:term":[{"taxonomy":"category","embeddable":true,"href":"https:\/\/www.ecuadoraldia.com.ec\/index.php?rest_route=%2Fwp%2Fv2%2Fcategories&post=5085"},{"taxonomy":"post_tag","embeddable":true,"href":"https:\/\/www.ecuadoraldia.com.ec\/index.php?rest_route=%2Fwp%2Fv2%2Ftags&post=5085"}],"curies":[{"name":"wp","href":"https:\/\/api.w.org\/{rel}","templated":true}]}}