{"id":5093,"date":"2014-09-16T20:29:41","date_gmt":"2014-09-16T20:29:41","guid":{"rendered":"http:\/\/www.ecuadoraldia.com.ec\/?p=5093"},"modified":"2014-09-16T20:29:41","modified_gmt":"2014-09-16T20:29:41","slug":"empresarios-de-japon-conocen-oportunidades-de-inversion-en-sectores-estrategicos","status":"publish","type":"post","link":"https:\/\/www.ecuadoraldia.com.ec\/?p=5093","title":{"rendered":"Empresarios de Jap\u00f3n conocen oportunidades de inversi\u00f3n en sectores estrat\u00e9gicos"},"content":{"rendered":"<p><a href=\"http:\/\/www.ecuadoraldia.com.ec\/wp-content\/uploads\/2014\/09\/turimo-2.jpg\"><img loading=\"lazy\" decoding=\"async\" class=\"alignleft size-medium wp-image-5094\" src=\"http:\/\/www.ecuadoraldia.com.ec\/wp-content\/uploads\/2014\/09\/turimo-2-300x200.jpg\" alt=\"turimo 2\" width=\"300\" height=\"200\" srcset=\"https:\/\/www.ecuadoraldia.com.ec\/wp-content\/uploads\/2014\/09\/turimo-2-300x200.jpg 300w, https:\/\/www.ecuadoraldia.com.ec\/wp-content\/uploads\/2014\/09\/turimo-2.jpg 306w\" sizes=\"(max-width: 300px) 100vw, 300px\" \/><\/a>Representantes de las entidades p\u00fablicas y privadas m\u00e1s importantes de Jap\u00f3n en Ecuador, Per\u00fa y Colombia se reunieron, en Quito, para conocer las oportunidades de inversi\u00f3n que ofrece Ecuador en nuevos proyectos de Sectores Estrat\u00e9gicos. La presentaci\u00f3n estuvo a cargo del ministro Coordinador de Sectores Estrat\u00e9gicos, Rafael Poveda Bonilla, este martes 16 de septiembre de 2014.<\/p>\n<p>Al iniciar el acto, el Secretario de Estado detall\u00f3 las ventajas competitivas que tiene el pa\u00eds en la regi\u00f3n. Una de ellas, dijo, es la estabilidad pol\u00edtica, lo que es un atractivo para la llegada de nuevas inversiones. Record\u00f3 que este es un proceso que se ha cumplido durante los \u00faltimos siete a\u00f1os.<\/p>\n<p>Entre las oportunidades de inversi\u00f3n detall\u00f3 que existen inversiones por m\u00e1s de 10 mil millones de d\u00f3lares en el \u00e1rea de hidrocarburos, en proyectos como: poliducto para la Refiner\u00eda del Pac\u00edfico; Oleoducto Quinind\u00e9-Refiner\u00eda del Pac\u00edfico; Exploraci\u00f3n y Explotaci\u00f3n del Bloque petrolero 20 (Campo Pungarayacu) y del Bloque 6; Optimizaci\u00f3n de campos maduros; Optimizaci\u00f3n de generaci\u00f3n el\u00e9ctrica, entre otros.<\/p>\n<p>En cuanto a proyectos de generaci\u00f3n el\u00e9ctrica, coment\u00f3 que hay nuevos emprendimientos que superan los 9 mil millones de d\u00f3lares en inversiones. Entre ellos destac\u00f3: Merced de Jondachi, Angamarca Sinde, Chirapi, Chontal, Cardenillo; Minicentrales, R\u00edo Santiago, R\u00edo Zamora, entre otros. Varios de estos proyectos ser\u00e1n expuestos en una pr\u00f3xima reuni\u00f3n que el Secretario de Estado mantendr\u00e1 en Jap\u00f3n.<\/p>\n<p>Poveda, adem\u00e1s, present\u00f3 el Plan de Industrias Estrat\u00e9gicas (Industrias B\u00e1sicas) que impulsa el ministerio a su cargo, y que busca el desarrollo de nuevas industrias a partir de productos con valor agrado. Para Ecuador estas materias provienen, principalmente, de los siguientes sectores: hidrocarburos (petr\u00f3leo y gas), miner\u00eda (met\u00e1lica y no met\u00e1lica) y recursos forestales.<\/p>\n<p>Las Industrias Estrat\u00e9gicas que integran este plan son: Sider\u00fargica (acero), Metal\u00fargica (refiner\u00eda de cobre y aluminio), Petroqu\u00edmica (compuestos intermedios para fabricar: pl\u00e1sticos, jabones, detergentes, pinturas, revestimientos, fibras sint\u00e9ticas, entre otros); Pulpa (papel y cart\u00f3n); y Astilleros.<\/p>\n<p>Estas industrias generar\u00e1n varias actividades en el sector de la manufactura, comercial y de servicios, las mismas que dinamizan el desarrollo del pa\u00eds, como una palanca productiva, social y econ\u00f3mica con valor agregado.<\/p>\n<p>El ministro coment\u00f3 que los principales retos socio-econ\u00f3micos, que se afrontar\u00e1 con estas industrias, son: reducir la pobreza y mejorar la calidad de vida a trav\u00e9s del fomento de la inversi\u00f3n, aumento y distribuci\u00f3n de la renta, creaci\u00f3n de puestos de trabajo, mejoramiento de la calificaci\u00f3n y calidad del mercado laboral, crecimiento directo de la industria manufacturera, sustituci\u00f3n de importaciones, fomento de exportaciones con nuevos productos y nuevos mercados, desagregaci\u00f3n y transferencia tecnol\u00f3gica, as\u00ed como desarrollo de nuevas tecnolog\u00edas.<\/p>\n<p>Este plan se constituye en uno de los pilares dentro de la estrategia para el cambio de la matriz productiva. Su implementaci\u00f3n generar\u00e1 un crecimiento econ\u00f3mico acelerado.<\/p>\n<p>El embajador de Jap\u00f3n en Quito, Toru Kodaki resalt\u00f3 la importancia de la informaci\u00f3n proporcionada por el Gobierno ecuatoriano. Coment\u00f3 que en su pa\u00eds hay inter\u00e9s por participar en el desarrollo de los proyectos planteados. Asegur\u00f3 que hay mucho inter\u00e9s por la pr\u00f3xima agenda de trabajo que cumplir\u00e1 el ministro Poveda en Jap\u00f3n. (MT)<\/p>\n","protected":false},"excerpt":{"rendered":"<p>Representantes de las entidades p\u00fablicas y privadas m\u00e1s importantes de Jap\u00f3n en Ecuador, Per\u00fa y Colombia se reunieron, en Quito,<\/p>\n","protected":false},"author":1,"featured_media":0,"comment_status":"open","ping_status":"open","sticky":false,"template":"","format":"standard","meta":{"footnotes":""},"categories":[3],"tags":[],"_links":{"self":[{"href":"https:\/\/www.ecuadoraldia.com.ec\/index.php?rest_route=\/wp\/v2\/posts\/5093"}],"collection":[{"href":"https:\/\/www.ecuadoraldia.com.ec\/index.php?rest_route=\/wp\/v2\/posts"}],"about":[{"href":"https:\/\/www.ecuadoraldia.com.ec\/index.php?rest_route=\/wp\/v2\/types\/post"}],"author":[{"embeddable":true,"href":"https:\/\/www.ecuadoraldia.com.ec\/index.php?rest_route=\/wp\/v2\/users\/1"}],"replies":[{"embeddable":true,"href":"https:\/\/www.ecuadoraldia.com.ec\/index.php?rest_route=%2Fwp%2Fv2%2Fcomments&post=5093"}],"version-history":[{"count":1,"href":"https:\/\/www.ecuadoraldia.com.ec\/index.php?rest_route=\/wp\/v2\/posts\/5093\/revisions"}],"predecessor-version":[{"id":5095,"href":"https:\/\/www.ecuadoraldia.com.ec\/index.php?rest_route=\/wp\/v2\/posts\/5093\/revisions\/5095"}],"wp:attachment":[{"href":"https:\/\/www.ecuadoraldia.com.ec\/index.php?rest_route=%2Fwp%2Fv2%2Fmedia&parent=5093"}],"wp:term":[{"taxonomy":"category","embeddable":true,"href":"https:\/\/www.ecuadoraldia.com.ec\/index.php?rest_route=%2Fwp%2Fv2%2Fcategories&post=5093"},{"taxonomy":"post_tag","embeddable":true,"href":"https:\/\/www.ecuadoraldia.com.ec\/index.php?rest_route=%2Fwp%2Fv2%2Ftags&post=5093"}],"curies":[{"name":"wp","href":"https:\/\/api.w.org\/{rel}","templated":true}]}}