{"id":5099,"date":"2014-09-16T20:39:03","date_gmt":"2014-09-16T20:39:03","guid":{"rendered":"http:\/\/www.ecuadoraldia.com.ec\/?p=5099"},"modified":"2014-09-16T20:39:21","modified_gmt":"2014-09-16T20:39:21","slug":"ministro-de-defensa-de-china-queremos-fortalecer-la-cooperacion-en-defensa-con-ecuador","status":"publish","type":"post","link":"https:\/\/www.ecuadoraldia.com.ec\/?p=5099","title":{"rendered":"Ministro de Defensa de China: \u201cQueremos fortalecer la cooperaci\u00f3n en defensa con Ecuador"},"content":{"rendered":"<figure id=\"attachment_5100\" aria-describedby=\"caption-attachment-5100\" style=\"width: 300px\" class=\"wp-caption alignleft\"><a href=\"http:\/\/www.ecuadoraldia.com.ec\/wp-content\/uploads\/2014\/09\/mafer-china.jpg\"><img loading=\"lazy\" decoding=\"async\" class=\"size-medium wp-image-5100\" src=\"http:\/\/www.ecuadoraldia.com.ec\/wp-content\/uploads\/2014\/09\/mafer-china-300x194.jpg\" alt=\"foto internet\" width=\"300\" height=\"194\" srcset=\"https:\/\/www.ecuadoraldia.com.ec\/wp-content\/uploads\/2014\/09\/mafer-china-300x194.jpg 300w, https:\/\/www.ecuadoraldia.com.ec\/wp-content\/uploads\/2014\/09\/mafer-china.jpg 470w\" sizes=\"(max-width: 300px) 100vw, 300px\" \/><\/a><figcaption id=\"caption-attachment-5100\" class=\"wp-caption-text\">foto internet<\/figcaption><\/figure>\n<p>Beijin (China), 16 de septiembre de 2014.- La ministra de Defensa Nacional, Mar\u00eda Fernanda Espinosa, en el marco de su visita a la Rep\u00fablica Popular China, sostuvo, este martes, una reuni\u00f3n oficial de trabajo con su hom\u00f3logo, general del Ej\u00e9rcito Chang Wanquan, quien expres\u00f3 el inter\u00e9s de su pa\u00eds en aumentar y fortalecer la cooperaci\u00f3n con Ecuador en temas de defensa.<\/p>\n<p>Por su parte, la secretaria de Estado resalt\u00f3 el apoyo que existe, desde China para el Ecuador, en los campos energ\u00e9tico, de infraestructuras, seguridad y econ\u00f3mico e invit\u00f3 al ministro Chang Wanquan a visitar el pa\u00eds.<\/p>\n<p>En el \u00e1mbito espec\u00edfico de la cooperaci\u00f3n para la defensa indic\u00f3 que se ha tenido una gran ayuda, por parte de China, con el env\u00edo de m\u00e9dicos para el Hospital de Especialidades de Fuerzas Armadas, instructores para las Escuelas de formaci\u00f3n militares, el Hospital m\u00f3vil que se encuentra funcionando en el Ecuador y la entrega de casi 5 millones de d\u00f3lares en fondos no reembolsables para asistencia al pa\u00eds en el \u00e1mbito militar.<\/p>\n<p>A la vez, resalt\u00f3 que desde el Ecuador se busca un mayor acercamiento con China en \u00e1mbitos de la ciencia, tecnolog\u00eda, capacitaci\u00f3n y de las industrias de la defensa; y, se aspira una especial cooperaci\u00f3n para el desarrollo aeroespacial por medio del Instituto Espacial Ecuatoriano y en el tema de ciberdefensa.<\/p>\n<p>De igual manera, el ministro chino resalt\u00f3 los lazos de amistad y apoyo entre los pa\u00edses, lo cual se refleja en los m\u00e1s de 100 oficiales ecuatorianos que se han formado en el pa\u00eds asi\u00e1tico en los \u00faltimos a\u00f1os.<\/p>\n<p>Finalmente, la ministra Espinosa invit\u00f3 a apoyar la Escuela Suramericana de Defensa (Esude), que fue creada por el Consejo de Defensa Suramericano y cuya sede ser\u00e1 el Ecuador, con instructores chinos que podr\u00edan brindar su experiencia en varios campos.<\/p>\n<p>La reuni\u00f3n con su hom\u00f3logo chino se realiz\u00f3 en el Ministerio de Defensa de la Rep\u00fablica Popular China, donde previamente se efectu\u00f3 una peque\u00f1a ceremonia en la cual se llev\u00f3 a cabo la revista de tropas por parte de los dos ministros y la entonaci\u00f3n de los himnos nacionales de Ecuador y el pa\u00eds asi\u00e1tico.<\/p>\n<p>Para este mi\u00e9rcoles, la secretaria de Estado tiene previsto visitar una de las unidades militares m\u00e1s importantes de Bejing; adem\u00e1s, sostendr\u00e1 un conversatorio sobre temas de defensa con expertos de varios pa\u00edses residentes en China. (Min defensa)<\/p>\n<p>&nbsp;<\/p>\n<p>&nbsp;<\/p>\n","protected":false},"excerpt":{"rendered":"<p>Beijin (China), 16 de septiembre de 2014.- La ministra de Defensa Nacional, Mar\u00eda Fernanda Espinosa, en el marco de su<\/p>\n","protected":false},"author":1,"featured_media":0,"comment_status":"open","ping_status":"open","sticky":false,"template":"","format":"standard","meta":{"footnotes":""},"categories":[1],"tags":[],"_links":{"self":[{"href":"https:\/\/www.ecuadoraldia.com.ec\/index.php?rest_route=\/wp\/v2\/posts\/5099"}],"collection":[{"href":"https:\/\/www.ecuadoraldia.com.ec\/index.php?rest_route=\/wp\/v2\/posts"}],"about":[{"href":"https:\/\/www.ecuadoraldia.com.ec\/index.php?rest_route=\/wp\/v2\/types\/post"}],"author":[{"embeddable":true,"href":"https:\/\/www.ecuadoraldia.com.ec\/index.php?rest_route=\/wp\/v2\/users\/1"}],"replies":[{"embeddable":true,"href":"https:\/\/www.ecuadoraldia.com.ec\/index.php?rest_route=%2Fwp%2Fv2%2Fcomments&post=5099"}],"version-history":[{"count":1,"href":"https:\/\/www.ecuadoraldia.com.ec\/index.php?rest_route=\/wp\/v2\/posts\/5099\/revisions"}],"predecessor-version":[{"id":5101,"href":"https:\/\/www.ecuadoraldia.com.ec\/index.php?rest_route=\/wp\/v2\/posts\/5099\/revisions\/5101"}],"wp:attachment":[{"href":"https:\/\/www.ecuadoraldia.com.ec\/index.php?rest_route=%2Fwp%2Fv2%2Fmedia&parent=5099"}],"wp:term":[{"taxonomy":"category","embeddable":true,"href":"https:\/\/www.ecuadoraldia.com.ec\/index.php?rest_route=%2Fwp%2Fv2%2Fcategories&post=5099"},{"taxonomy":"post_tag","embeddable":true,"href":"https:\/\/www.ecuadoraldia.com.ec\/index.php?rest_route=%2Fwp%2Fv2%2Ftags&post=5099"}],"curies":[{"name":"wp","href":"https:\/\/api.w.org\/{rel}","templated":true}]}}