{"id":5102,"date":"2014-09-16T20:42:46","date_gmt":"2014-09-16T20:42:46","guid":{"rendered":"http:\/\/www.ecuadoraldia.com.ec\/?p=5102"},"modified":"2014-09-16T20:42:46","modified_gmt":"2014-09-16T20:42:46","slug":"la-fiesta-del-coya-quilla-raymy-en-el-sur","status":"publish","type":"post","link":"https:\/\/www.ecuadoraldia.com.ec\/?p=5102","title":{"rendered":"La Fiesta del  COYA QUILLA RAYMY en el  Sur"},"content":{"rendered":"<p><a href=\"http:\/\/www.ecuadoraldia.com.ec\/wp-content\/uploads\/2014\/09\/raymi.jpg\"><img loading=\"lazy\" decoding=\"async\" class=\"alignleft size-medium wp-image-5103\" src=\"http:\/\/www.ecuadoraldia.com.ec\/wp-content\/uploads\/2014\/09\/raymi-300x225.jpg\" alt=\"raymi\" width=\"300\" height=\"225\" srcset=\"https:\/\/www.ecuadoraldia.com.ec\/wp-content\/uploads\/2014\/09\/raymi-300x225.jpg 300w, https:\/\/www.ecuadoraldia.com.ec\/wp-content\/uploads\/2014\/09\/raymi.jpg 303w\" sizes=\"(max-width: 300px) 100vw, 300px\" \/><\/a>M\u00e1s de 30 agrupaciones y gestores culturales de la zona Eloy Alfaro se reunir\u00e1n para celebrar el Coya Quilla Raymi este s\u00e1bado 20 de septiembre en el Parque Ecol\u00f3gico de Solanda, ubicado entre las calles Jos\u00e9 Mar\u00eda Alem\u00e1n \u201cJ\u201d desde las 16h00.<br \/>\nEl Coya Quilla Raymi, es la \u00e9poca en que la poblaci\u00f3n andina celebra la feminidad y es el tiempo en que comienza la siembra de productos cuando la Pacha Mama est\u00e1 m\u00e1s f\u00e9rtil por la presencia de la lluvia.<br \/>\nLa Agenda Cultural Zonal 2014 contempla eventos diversos, incluyentes y comunitarios que generan la participaci\u00f3n ciudadana y la construcci\u00f3n de identidad.<br \/>\nDentro de esta agenda se contempla la vivencia de las cuatro celebraciones ancestrales andinas: los raymis, que son espacios propicios para propuestas art\u00edsticas y culturales, en toda su diversidad, que ayudan a la construcci\u00f3n de nuevos imaginarios urbanos basados en la convivencia, la solidaridad y la diversidad como mediadores de las relaciones dentro de la ciudad. Adem\u00e1s, a partir de la vivencia de las celebraciones ancestrales andinas, se promueven las expresiones culturales diversas para propiciar di\u00e1logos interculturales e intergeneracionales que fortalecen la identidad local.<br \/>\nPara este s\u00e1bado 20 de septiembre se tiene previsto, desde las 16h00, una caminata de danza y m\u00fasica intercultural andina, en la que intervienen todos los actores culturales que se han sumando al KOYA KILAA RAYMI, que comenzar\u00e1 en la Av. Ajav\u00ed y Cardenal de la Torre, se recorrer\u00e1 varias calles de Solanda y llegaremos al Parque Ecol\u00f3gico Solanda para la \u201cToma de la Plaza\u201d, el \u201cRitual de Purificaci\u00f3n\u201d en homenaje a la Mama Yacu (agua) y, a partir de las 18hh30 tendremosun gran festival de m\u00fasica y danza andinas en el que participan<\/p>\n","protected":false},"excerpt":{"rendered":"<p>M\u00e1s de 30 agrupaciones y gestores culturales de la zona Eloy Alfaro se reunir\u00e1n para celebrar el Coya Quilla Raymi<\/p>\n","protected":false},"author":1,"featured_media":0,"comment_status":"open","ping_status":"open","sticky":false,"template":"","format":"standard","meta":{"footnotes":""},"categories":[4],"tags":[],"_links":{"self":[{"href":"https:\/\/www.ecuadoraldia.com.ec\/index.php?rest_route=\/wp\/v2\/posts\/5102"}],"collection":[{"href":"https:\/\/www.ecuadoraldia.com.ec\/index.php?rest_route=\/wp\/v2\/posts"}],"about":[{"href":"https:\/\/www.ecuadoraldia.com.ec\/index.php?rest_route=\/wp\/v2\/types\/post"}],"author":[{"embeddable":true,"href":"https:\/\/www.ecuadoraldia.com.ec\/index.php?rest_route=\/wp\/v2\/users\/1"}],"replies":[{"embeddable":true,"href":"https:\/\/www.ecuadoraldia.com.ec\/index.php?rest_route=%2Fwp%2Fv2%2Fcomments&post=5102"}],"version-history":[{"count":1,"href":"https:\/\/www.ecuadoraldia.com.ec\/index.php?rest_route=\/wp\/v2\/posts\/5102\/revisions"}],"predecessor-version":[{"id":5104,"href":"https:\/\/www.ecuadoraldia.com.ec\/index.php?rest_route=\/wp\/v2\/posts\/5102\/revisions\/5104"}],"wp:attachment":[{"href":"https:\/\/www.ecuadoraldia.com.ec\/index.php?rest_route=%2Fwp%2Fv2%2Fmedia&parent=5102"}],"wp:term":[{"taxonomy":"category","embeddable":true,"href":"https:\/\/www.ecuadoraldia.com.ec\/index.php?rest_route=%2Fwp%2Fv2%2Fcategories&post=5102"},{"taxonomy":"post_tag","embeddable":true,"href":"https:\/\/www.ecuadoraldia.com.ec\/index.php?rest_route=%2Fwp%2Fv2%2Ftags&post=5102"}],"curies":[{"name":"wp","href":"https:\/\/api.w.org\/{rel}","templated":true}]}}