{"id":5105,"date":"2014-09-16T20:56:33","date_gmt":"2014-09-16T20:56:33","guid":{"rendered":"http:\/\/www.ecuadoraldia.com.ec\/?p=5105"},"modified":"2014-09-16T20:56:33","modified_gmt":"2014-09-16T20:56:33","slug":"jornada-escolar-sera-normal-este-miercoles","status":"publish","type":"post","link":"https:\/\/www.ecuadoraldia.com.ec\/?p=5105","title":{"rendered":"Jornada escolar ser\u00e1 normal este mi\u00e9rcoles"},"content":{"rendered":"<p><a href=\"http:\/\/www.ecuadoraldia.com.ec\/wp-content\/uploads\/2014\/09\/educacin_.jpg\"><img loading=\"lazy\" decoding=\"async\" class=\"alignleft size-medium wp-image-5106\" src=\"http:\/\/www.ecuadoraldia.com.ec\/wp-content\/uploads\/2014\/09\/educacin_-300x165.jpg\" alt=\"educacin_\" width=\"300\" height=\"165\" srcset=\"https:\/\/www.ecuadoraldia.com.ec\/wp-content\/uploads\/2014\/09\/educacin_-300x165.jpg 300w, https:\/\/www.ecuadoraldia.com.ec\/wp-content\/uploads\/2014\/09\/educacin_.jpg 376w\" sizes=\"(max-width: 300px) 100vw, 300px\" \/><\/a>El ministro de Educaci\u00f3n, Augusto Espinosa, inform\u00f3 que la jornada escolar tanto matutina como vespertina este mi\u00e9rcoles 17 de septiembre- en que se prev\u00e9 la marcha de sindicalistas- ser\u00e1 \u00ababsolutamente normal\u00bb y se tomar\u00e1n las medidas pertinentes para resguardar los establecimientos educativos y la seguridad de los estudiantes.<\/p>\n<p>\u00abNosotros garantizamos la seguridad de los estudiantes mientras est\u00e1n en clase\u00bb, dijo el Ministro al recalcar, sin embargo, que \u00abes deber de los padres hacerlo una vez finalizada la jornada\u00bb.<\/p>\n<p>En la rueda de prensa esta ma\u00f1ana participaron los rectores de los colegios Mej\u00eda, Mont\u00fafar y Montalvo, as\u00ed como los padres del estudiante \u00c9dison Cos\u00edos, quien recibi\u00f3 el impacto de una bomba lacrim\u00f3gena en 2011, durante una protesta.<\/p>\n<p>Espinosa reiter\u00f3 lo que expuso m\u00e1s temprano en su cuenta de Twitter, que militantes del Movimiento Popular Democr\u00e1tico (MPD) fueron detectados \u00abtratando de inducir a estudiantes a generar vandalismo\u00bb.<\/p>\n<p>\u00abEs importante que los padres de familia nos ayuden a implementar medidas de seguridad, pues no queremos que se vuelvan a repetir actos como en a\u00f1os pasados, como lo sucedido con el estudiante \u00c9dison Cos\u00edos\u00bb, sostuvo el funcionario.<\/p>\n<p>Manuel Cos\u00edos tom\u00f3 la palabra para hacer un llamado a las autoridades de los planteles y a los padres de familia. \u00abHace tres a\u00f1os vivimos un sufrimiento muy grande, viendo a nuestro hijo no poder disfrutar de su vida. Estamos aqu\u00ed para pedir a las autoridades de los establecimientos educativos, que no permitan que los j\u00f3venes caigan en manos de quienes perjudican su futuro. Hago un llamado a los padres, para solucionar las inquietudes de sus hijos sin necesidad de llegar a la violencia y a las calles\u00bb.<\/p>\n<p>De su lado, Vilma Pineda, madre de \u00c9dison, expres\u00f3 su deseo de \u00abentregar un mensaje a la juventud, que no callen su voz, pidan ser escuchados\u00bb, pero les inst\u00f3 a \u00abque no salgan a las calles y expongan su seguridad\u00bb.<\/p>\n<p>El ministro Espinosa invit\u00f3 a los estudiantes a canalizar sus ideas sin vandalismo. \u00abLas protestas deben ser pac\u00edficas, de tal manera que transiten las ideas; los estudiantes tienen autoridades dispuestas a escucharlos\u00bb, sostuvo al desear que ma\u00f1ana la jornada se desarrolle sin inconvenientes.<\/p>\n<p>Record\u00f3, sin embargo, que existen las sanciones debidas en el \u00e1mbito educativo para estudiantes que, por ejemplo, \u00absalgan del colegio en horas de clase y que estando fuera de clases est\u00e9n con uniforme en las calles cerrando v\u00edas\u00bb.<\/p>\n<p>Por su parte, los rectores solicitaron a los j\u00f3venes que luego de la jornada escolar se dirijan hacia sus casas.<\/p>\n<p>Espinosa tambi\u00e9n dijo en la rueda de prensa que est\u00e1 \u00abenviando una invitaci\u00f3n al alcalde de Quito (Mauricio Rodas) para que el lunes se defina de una vez por todas que Municipio subsidie el transporte de los estudiantes\u00bb.<\/p>\n","protected":false},"excerpt":{"rendered":"<p>El ministro de Educaci\u00f3n, Augusto Espinosa, inform\u00f3 que la jornada escolar tanto matutina como vespertina este mi\u00e9rcoles 17 de septiembre-<\/p>\n","protected":false},"author":1,"featured_media":0,"comment_status":"open","ping_status":"open","sticky":false,"template":"","format":"standard","meta":{"footnotes":""},"categories":[4],"tags":[],"_links":{"self":[{"href":"https:\/\/www.ecuadoraldia.com.ec\/index.php?rest_route=\/wp\/v2\/posts\/5105"}],"collection":[{"href":"https:\/\/www.ecuadoraldia.com.ec\/index.php?rest_route=\/wp\/v2\/posts"}],"about":[{"href":"https:\/\/www.ecuadoraldia.com.ec\/index.php?rest_route=\/wp\/v2\/types\/post"}],"author":[{"embeddable":true,"href":"https:\/\/www.ecuadoraldia.com.ec\/index.php?rest_route=\/wp\/v2\/users\/1"}],"replies":[{"embeddable":true,"href":"https:\/\/www.ecuadoraldia.com.ec\/index.php?rest_route=%2Fwp%2Fv2%2Fcomments&post=5105"}],"version-history":[{"count":1,"href":"https:\/\/www.ecuadoraldia.com.ec\/index.php?rest_route=\/wp\/v2\/posts\/5105\/revisions"}],"predecessor-version":[{"id":5107,"href":"https:\/\/www.ecuadoraldia.com.ec\/index.php?rest_route=\/wp\/v2\/posts\/5105\/revisions\/5107"}],"wp:attachment":[{"href":"https:\/\/www.ecuadoraldia.com.ec\/index.php?rest_route=%2Fwp%2Fv2%2Fmedia&parent=5105"}],"wp:term":[{"taxonomy":"category","embeddable":true,"href":"https:\/\/www.ecuadoraldia.com.ec\/index.php?rest_route=%2Fwp%2Fv2%2Fcategories&post=5105"},{"taxonomy":"post_tag","embeddable":true,"href":"https:\/\/www.ecuadoraldia.com.ec\/index.php?rest_route=%2Fwp%2Fv2%2Ftags&post=5105"}],"curies":[{"name":"wp","href":"https:\/\/api.w.org\/{rel}","templated":true}]}}