{"id":511,"date":"2013-07-21T19:58:46","date_gmt":"2013-07-21T19:58:46","guid":{"rendered":"http:\/\/www.ecuadoraldia.com.ec\/?p=511"},"modified":"2013-07-21T19:58:46","modified_gmt":"2013-07-21T19:58:46","slug":"mas-de-200-empresarios-en-encuentro-binacional-peru-ecuador","status":"publish","type":"post","link":"https:\/\/www.ecuadoraldia.com.ec\/?p=511","title":{"rendered":"M\u00e1s de 200 empresarios en encuentro binacional Per\u00fa-Ecuador"},"content":{"rendered":"<p>La ciudad de Piura ser\u00e1 sede del V Encuentro Binacional Per\u00fa \u2013 Ecuador, que se realizar\u00e1 el pr\u00f3ximo 6 de septiembre y que congregar\u00e1 a m\u00e1s de 200 empresarios con el objetivo de buscar mecanismo para el incremento de las exportaciones entre ambos pa\u00edses, inform\u00f3 la agencia Andina.<\/p>\n<p>El coordinador regional norte de Promper\u00fa, Mauricio Z\u00fa\u00f1iga, detall\u00f3 que en dicho encuentro asistir\u00e1n empresarios del norte peruano y sur ecuatoriano de los sectores alimentos, industria del vestido (confecciones y calzado), materiales y acabados para la construcci\u00f3n y manufacturas diversas (pl\u00e1stico, metalmec\u00e1nica, madera, qu\u00edmico).<\/p>\n<p>Z\u00fa\u00f1iga record\u00f3 que durante un encuentro similar en la ciudad ecuatoriana de Cuenca, se negociaron 2,8 millones de d\u00f3lares, mientras que en Piura se negoci\u00f3 1,8 millones de d\u00f3lares<\/p>\n<p>\u00abHoy, 5 a\u00f1os despu\u00e9s, Piura es sede nuevamente de este importante evento y la meta propuesta es contar con la participaci\u00f3n de 40 empresas piuranas\u201d, subray\u00f3.<\/p>\n<p>\u00abEste evento es la antesala a la reuni\u00f3n presidencial de ambas naciones. El primer Encuentro Binacional comenz\u00f3 en el 2009 en la ciudad de Piura y se ha ido perfilando como una rueda de negocios, siendo uno de los eventos comerciales m\u00e1s importantes para el desarrollo del comercio bilateral\u00bb, agreg\u00f3 Z\u00fa\u00f1iga.<\/p>\n<p>Por su parte, Mario Arellano, subgerente de Promoci\u00f3n de Inversiones refiri\u00f3 que asistir a estos eventos es importante, puesto que es un espacio de concertaci\u00f3n donde el gobierno regional siempre ha tratado de estar presente y promover.<\/p>\n<p>\u00abEste gobierno tiene pol\u00edticas definidas que buscamos impulsar como por ejemplo los temas de innovaci\u00f3n, financiamiento para los microempresarios, desarrollo empresarial y la gesti\u00f3n socioambiental\u201d, remarc\u00f3.<\/p>\n<p>Asimismo, a\u00f1adi\u00f3 que en el Encuentro Internacional de Ciencia y Tecnolog\u00eda, realizado el 11 y 12 de julio en el auditorio del gobierno regional de Piura, se han definido algunos acuerdos y la mira est\u00e1 en los peque\u00f1os empresarios.<\/p>\n<p>\u201cQueremos que ellos tambi\u00e9n est\u00e9n preparados con las \u00faltimas tecnolog\u00edas e innovaciones para poder competir y en ese marco bienvenidos los hermanos ecuatorianos que estar\u00e1n presentes en esta importante reuni\u00f3n\u201d, insisti\u00f3.<\/p>\n","protected":false},"excerpt":{"rendered":"<p>La ciudad de Piura ser\u00e1 sede del V Encuentro Binacional Per\u00fa \u2013 Ecuador, que se realizar\u00e1 el pr\u00f3ximo 6 de<\/p>\n","protected":false},"author":1,"featured_media":0,"comment_status":"open","ping_status":"open","sticky":false,"template":"","format":"standard","meta":{"footnotes":""},"categories":[9],"tags":[],"_links":{"self":[{"href":"https:\/\/www.ecuadoraldia.com.ec\/index.php?rest_route=\/wp\/v2\/posts\/511"}],"collection":[{"href":"https:\/\/www.ecuadoraldia.com.ec\/index.php?rest_route=\/wp\/v2\/posts"}],"about":[{"href":"https:\/\/www.ecuadoraldia.com.ec\/index.php?rest_route=\/wp\/v2\/types\/post"}],"author":[{"embeddable":true,"href":"https:\/\/www.ecuadoraldia.com.ec\/index.php?rest_route=\/wp\/v2\/users\/1"}],"replies":[{"embeddable":true,"href":"https:\/\/www.ecuadoraldia.com.ec\/index.php?rest_route=%2Fwp%2Fv2%2Fcomments&post=511"}],"version-history":[{"count":1,"href":"https:\/\/www.ecuadoraldia.com.ec\/index.php?rest_route=\/wp\/v2\/posts\/511\/revisions"}],"predecessor-version":[{"id":512,"href":"https:\/\/www.ecuadoraldia.com.ec\/index.php?rest_route=\/wp\/v2\/posts\/511\/revisions\/512"}],"wp:attachment":[{"href":"https:\/\/www.ecuadoraldia.com.ec\/index.php?rest_route=%2Fwp%2Fv2%2Fmedia&parent=511"}],"wp:term":[{"taxonomy":"category","embeddable":true,"href":"https:\/\/www.ecuadoraldia.com.ec\/index.php?rest_route=%2Fwp%2Fv2%2Fcategories&post=511"},{"taxonomy":"post_tag","embeddable":true,"href":"https:\/\/www.ecuadoraldia.com.ec\/index.php?rest_route=%2Fwp%2Fv2%2Ftags&post=511"}],"curies":[{"name":"wp","href":"https:\/\/api.w.org\/{rel}","templated":true}]}}