{"id":5111,"date":"2014-09-16T21:06:13","date_gmt":"2014-09-16T21:06:13","guid":{"rendered":"http:\/\/www.ecuadoraldia.com.ec\/?p=5111"},"modified":"2014-09-16T21:06:13","modified_gmt":"2014-09-16T21:06:13","slug":"trayecto-norte-sur-de-los-tuneles-estara-cerrado","status":"publish","type":"post","link":"https:\/\/www.ecuadoraldia.com.ec\/?p=5111","title":{"rendered":"Trayecto norte-sur de los t\u00faneles estar\u00e1 cerrado"},"content":{"rendered":"<p><a href=\"http:\/\/www.ecuadoraldia.com.ec\/wp-content\/uploads\/2014\/09\/T\u00faneles-s.jpg\"><img loading=\"lazy\" decoding=\"async\" class=\"alignleft size-medium wp-image-5112\" src=\"http:\/\/www.ecuadoraldia.com.ec\/wp-content\/uploads\/2014\/09\/T\u00faneles-s-300x172.jpg\" alt=\"T\u00faneles s\" width=\"300\" height=\"172\" srcset=\"https:\/\/www.ecuadoraldia.com.ec\/wp-content\/uploads\/2014\/09\/T\u00faneles-s-300x172.jpg 300w, https:\/\/www.ecuadoraldia.com.ec\/wp-content\/uploads\/2014\/09\/T\u00faneles-s.jpg 302w\" sizes=\"(max-width: 300px) 100vw, 300px\" \/><\/a>Los t\u00faneles de San Juan, San Roque y San Diego, en sentido norte-sur, recibir\u00e1n mantenimiento desde las 22h30 del mi\u00e9rcoles 17 hasta las 04h30 del jueves 18 de septiembre de 2014. Por ello se cerrar\u00e1n al tr\u00e1nsito vehicular.<\/p>\n<p>Durante el cierre de los t\u00faneles, la Empresa P\u00fablica Metropolitana de Movilidad y Obras P\u00fablicas (EPMMOP) recomienda tomar rutas alternas. Puede circular por la av. Universitaria, av. Patria, av. 10 de Agosto, calle Guayaquil o av. Pichincha hacia el centro y sur de la ciudad. Tambi\u00e9n puede tomar la calle Venezuela o Canad\u00e1 y luego la Garc\u00eda Moreno, en el \u00e1rea colonial de Quito.<\/p>\n<p>Los trabajos comprenden la limpieza de la v\u00eda y mantenimiento preventivo y correctivo de las instalaciones el\u00e9ctricas y electr\u00f3nicas de los t\u00faneles San Juan, San Roque y San Diego.<\/p>\n<p>&nbsp;<\/p>\n","protected":false},"excerpt":{"rendered":"<p>Los t\u00faneles de San Juan, San Roque y San Diego, en sentido norte-sur, recibir\u00e1n mantenimiento desde las 22h30 del mi\u00e9rcoles<\/p>\n","protected":false},"author":1,"featured_media":0,"comment_status":"open","ping_status":"open","sticky":false,"template":"","format":"standard","meta":{"footnotes":""},"categories":[14],"tags":[],"_links":{"self":[{"href":"https:\/\/www.ecuadoraldia.com.ec\/index.php?rest_route=\/wp\/v2\/posts\/5111"}],"collection":[{"href":"https:\/\/www.ecuadoraldia.com.ec\/index.php?rest_route=\/wp\/v2\/posts"}],"about":[{"href":"https:\/\/www.ecuadoraldia.com.ec\/index.php?rest_route=\/wp\/v2\/types\/post"}],"author":[{"embeddable":true,"href":"https:\/\/www.ecuadoraldia.com.ec\/index.php?rest_route=\/wp\/v2\/users\/1"}],"replies":[{"embeddable":true,"href":"https:\/\/www.ecuadoraldia.com.ec\/index.php?rest_route=%2Fwp%2Fv2%2Fcomments&post=5111"}],"version-history":[{"count":1,"href":"https:\/\/www.ecuadoraldia.com.ec\/index.php?rest_route=\/wp\/v2\/posts\/5111\/revisions"}],"predecessor-version":[{"id":5113,"href":"https:\/\/www.ecuadoraldia.com.ec\/index.php?rest_route=\/wp\/v2\/posts\/5111\/revisions\/5113"}],"wp:attachment":[{"href":"https:\/\/www.ecuadoraldia.com.ec\/index.php?rest_route=%2Fwp%2Fv2%2Fmedia&parent=5111"}],"wp:term":[{"taxonomy":"category","embeddable":true,"href":"https:\/\/www.ecuadoraldia.com.ec\/index.php?rest_route=%2Fwp%2Fv2%2Fcategories&post=5111"},{"taxonomy":"post_tag","embeddable":true,"href":"https:\/\/www.ecuadoraldia.com.ec\/index.php?rest_route=%2Fwp%2Fv2%2Ftags&post=5111"}],"curies":[{"name":"wp","href":"https:\/\/api.w.org\/{rel}","templated":true}]}}