{"id":5117,"date":"2014-09-16T21:16:49","date_gmt":"2014-09-16T21:16:49","guid":{"rendered":"http:\/\/www.ecuadoraldia.com.ec\/?p=5117"},"modified":"2014-09-16T21:16:49","modified_gmt":"2014-09-16T21:16:49","slug":"argentina-amenazo-con-expulsar-al-embajador-de-estados-unidos","status":"publish","type":"post","link":"https:\/\/www.ecuadoraldia.com.ec\/?p=5117","title":{"rendered":"Argentina amenaz\u00f3 con expulsar al embajador de Estados Unidos"},"content":{"rendered":"<p><a href=\"http:\/\/www.ecuadoraldia.com.ec\/wp-content\/uploads\/2014\/09\/embajador-USA.jpg\"><img loading=\"lazy\" decoding=\"async\" class=\"alignleft size-medium wp-image-5118\" src=\"http:\/\/www.ecuadoraldia.com.ec\/wp-content\/uploads\/2014\/09\/embajador-USA-300x219.jpg\" alt=\"embajador USA\" width=\"300\" height=\"219\" srcset=\"https:\/\/www.ecuadoraldia.com.ec\/wp-content\/uploads\/2014\/09\/embajador-USA-300x219.jpg 300w, https:\/\/www.ecuadoraldia.com.ec\/wp-content\/uploads\/2014\/09\/embajador-USA.jpg 307w\" sizes=\"(max-width: 300px) 100vw, 300px\" \/><\/a>Kevin Sullivan, al salir del encuentro con TimermanKevin Sullivan, al salir del encuentro con TimermanCr\u00e9dito: Adri\u00e1n Escandar<br \/>\nLa relaci\u00f3n entre la Argentina y los Estados Unidos alcanz\u00f3 un nuevo pico de tensi\u00f3n: el canciller H\u00e9ctor Timerman amenaz\u00f3 con declarar \u00abpersona non grata\u00bb al encargado de negocios norteamericano, Kevin Sullivan, y expulsarlo del pa\u00eds por sus \u00faltimas declaraciones.<\/p>\n<p>Seg\u00fan el comunicado enviado por el Ministerio de Relaciones Exteriores, \u00abel canciller Timerman le asegur\u00f3 que de repetirse este tipo de intromisiones en los asuntos internos de la Rep\u00fablica Argentina se adoptar\u00e1n las m\u00e1s severas medidas estipuladas en la Convenci\u00f3n de Viena sobre la conducta de los representantes diplom\u00e1ticos\u00bb.<\/p>\n<p>El art\u00edculo 9 de ese tratado autoriza a un pa\u00eds a determinar la expulsi\u00f3n del representante diplom\u00e1tico de otra naci\u00f3n: \u00abEl Estado receptor podr\u00e1, en cualquier momento y sin tener que exponer los motivos de su decisi\u00f3n, comunicar al Estado acreditante que el jefe u otro miembro del personal diplom\u00e1tico de la misi\u00f3n es persona non grata, o que cualquier otro miembro del personal de la misi\u00f3n no es aceptable. El Estado acreditante retirar\u00e1 entonces a esa persona o pondr\u00e1 t\u00e9rmino a sus funciones en la misi\u00f3n, seg\u00fan proceda. Toda persona podr\u00e1 ser declarada non grata o no aceptable antes de su llegada al territorio del Estado receptor\u00bb.<\/p>\n<p>El funcionario argentino se reuni\u00f3 esta ma\u00f1ana con el m\u00e1ximo representante diplom\u00e1tico en el pa\u00eds para expresarle el \u00abprofundo malestar\u00bb del gobierno de Cristina Kirchner por sus declaraciones. \u00abLos dichos sobre un supuesto default por parte del diplom\u00e1tico no tienen ning\u00fan asidero f\u00e1ctico, sino que coinciden con la postura de los fondos buitre en contraposici\u00f3n con los intereses del 92.4% de los acreedores que han aceptado la reestructuraci\u00f3n de la deuda\u00bb, se\u00f1al\u00f3 la Canciller\u00eda argentina a trav\u00e9s de un comunicado enviado luego del encuentro.<\/p>\n<p>\u00abDE REPETIRSE ESTE TIPO DE INTROMISIONES SE ADOPTAR\u00c1N LAS M\u00c1S SEVERAS MEDIDAS\u00bb, ADVIRTI\u00d3 EL CANCILLER<\/p>\n<p>\u00abEs importante que Argentina salga del default lo antes posible para poder retornar a la senda del crecimiento econ\u00f3mico sustentable y atraer la inversi\u00f3n que necesita\u00bb. Esa fue la frase del encargado de negocios de los EEUU que provoc\u00f3 molestia en la administraci\u00f3n kirchnerista y su inmediata citaci\u00f3n.<\/p>\n<p>En la reuni\u00f3n, Timerman trasmiti\u00f3 adem\u00e1s la respuesta oficial a su pedido: \u00abArgentina no tiene deudas en cesaci\u00f3n de pagos con Estados Unidos ni con ning\u00fan otro pa\u00eds. Muy por el contrario, con fecha 30 de julio del corriente a\u00f1o el pa\u00eds ha erogado el primer vencimiento del acuerdo firmado con los pa\u00edses miembro del Club de Paris por un importe de 642 millones de d\u00f3lares. Por lo tanto los dichos sobre un supuesto default por parte del diplom\u00e1tico no tienen ning\u00fan asidero f\u00e1ctico, sino que coinciden con la postura de los fondos buitre en contraposici\u00f3n con los intereses del 92.4% de los acreedores que han aceptado la reestructuraci\u00f3n de la deuda\u00bb.<\/p>\n<p>Debido a que el gobierno de Barack Obama a\u00fan no design\u00f3 un embajador para que represente a su pa\u00eds en la Argentina, Sullivan ocupa el cargo de m\u00e1ximo representante norteamericano, luego de que la embajadora Vilma Mart\u00ednez dejase el cargo a mediados del a\u00f1o pasado.<\/p>\n","protected":false},"excerpt":{"rendered":"<p>Kevin Sullivan, al salir del encuentro con TimermanKevin Sullivan, al salir del encuentro con TimermanCr\u00e9dito: Adri\u00e1n Escandar La relaci\u00f3n entre<\/p>\n","protected":false},"author":1,"featured_media":0,"comment_status":"open","ping_status":"open","sticky":false,"template":"","format":"standard","meta":{"footnotes":""},"categories":[7],"tags":[],"_links":{"self":[{"href":"https:\/\/www.ecuadoraldia.com.ec\/index.php?rest_route=\/wp\/v2\/posts\/5117"}],"collection":[{"href":"https:\/\/www.ecuadoraldia.com.ec\/index.php?rest_route=\/wp\/v2\/posts"}],"about":[{"href":"https:\/\/www.ecuadoraldia.com.ec\/index.php?rest_route=\/wp\/v2\/types\/post"}],"author":[{"embeddable":true,"href":"https:\/\/www.ecuadoraldia.com.ec\/index.php?rest_route=\/wp\/v2\/users\/1"}],"replies":[{"embeddable":true,"href":"https:\/\/www.ecuadoraldia.com.ec\/index.php?rest_route=%2Fwp%2Fv2%2Fcomments&post=5117"}],"version-history":[{"count":1,"href":"https:\/\/www.ecuadoraldia.com.ec\/index.php?rest_route=\/wp\/v2\/posts\/5117\/revisions"}],"predecessor-version":[{"id":5119,"href":"https:\/\/www.ecuadoraldia.com.ec\/index.php?rest_route=\/wp\/v2\/posts\/5117\/revisions\/5119"}],"wp:attachment":[{"href":"https:\/\/www.ecuadoraldia.com.ec\/index.php?rest_route=%2Fwp%2Fv2%2Fmedia&parent=5117"}],"wp:term":[{"taxonomy":"category","embeddable":true,"href":"https:\/\/www.ecuadoraldia.com.ec\/index.php?rest_route=%2Fwp%2Fv2%2Fcategories&post=5117"},{"taxonomy":"post_tag","embeddable":true,"href":"https:\/\/www.ecuadoraldia.com.ec\/index.php?rest_route=%2Fwp%2Fv2%2Ftags&post=5117"}],"curies":[{"name":"wp","href":"https:\/\/api.w.org\/{rel}","templated":true}]}}