{"id":5120,"date":"2014-09-18T12:34:49","date_gmt":"2014-09-18T12:34:49","guid":{"rendered":"http:\/\/www.ecuadoraldia.com.ec\/?p=5120"},"modified":"2014-09-18T12:34:49","modified_gmt":"2014-09-18T12:34:49","slug":"multitudinaria-marcha-de-sindicalistas-demuestra-su-fortaleza","status":"publish","type":"post","link":"https:\/\/www.ecuadoraldia.com.ec\/?p=5120","title":{"rendered":"Multitudinaria marcha de sindicalistas demuestra  su fortaleza"},"content":{"rendered":"<p><a href=\"http:\/\/www.ecuadoraldia.com.ec\/wp-content\/uploads\/2014\/09\/marchas.jpg\"><img loading=\"lazy\" decoding=\"async\" class=\"alignleft size-medium wp-image-5121\" src=\"http:\/\/www.ecuadoraldia.com.ec\/wp-content\/uploads\/2014\/09\/marchas-300x169.jpg\" alt=\"marchas\" width=\"300\" height=\"169\" srcset=\"https:\/\/www.ecuadoraldia.com.ec\/wp-content\/uploads\/2014\/09\/marchas-300x169.jpg 300w, https:\/\/www.ecuadoraldia.com.ec\/wp-content\/uploads\/2014\/09\/marchas.jpg 307w\" sizes=\"(max-width: 300px) 100vw, 300px\" \/><\/a>La marcha de los obreros rebas\u00f3 la expectativa de los dirigentes sindicales ya que miles de personas de diferentes sectores sociales salieron a las calles de Quito para expresar su rechazo a diferentes pol\u00edticas del Gobierno. Ellos se declararon triunfadores.<\/p>\n<p>Adem\u00e1s de los trabajadores organizados estuvieron artistas independientes, estudiantes universitarios. A ellos se sumaron estudiantes secundarios, comerciantes, familiares de desaparecidos, desempleados y pol\u00edticos.<\/p>\n<p>Aunque la marcha estaba convocada para las 16:00, desde antes ya se cerr\u00f3 la avenida 10 de Agosto, frente al IESS, por las cientos de personas que poco a poco se iban congregando. El com\u00fan denominador de las expresiones en las calles fue pedirle al Gobierno que rectifique su manera de conducir al pa\u00eds, que escuche los criterios de quienes no piensan como el R\u00e9gimen y que no les descalifique por sumarse a la marcha.<\/p>\n<p>\u201cNosotros nos vemos afectados porque el arte est\u00e1 abandonado por las pol\u00edticas p\u00fablicas, no facilita la expresi\u00f3n art\u00edstica\u201d, dijo una integrante de la Asociaci\u00f3n de Trabajadores Esc\u00e9nicos.<\/p>\n<p>La creatividad fue la t\u00f3nica de la movilizaci\u00f3n. Monigotes gigantes criticando la reelecci\u00f3n presidencial o un pulpo gigante que representaba los tent\u00e1culos del Estado que, seg\u00fan sus organizadores, intenta acaparar todo llamaron la atenci\u00f3n. As\u00ed como un mu\u00f1eco gigante que representaba la diversidad estudiantil que se ver\u00eda afectada por el alza de los pasajes es lo que presentaron los estudiantes de la Universidad Central. Mientras que Asociaci\u00f3n de Desempleado de Quito present\u00f3 una gigantograf\u00eda con los rostros de los personajes del Gobierno. \u201cCritican a la derecha y gobiernan con la derecha\u201d, manifestaron sus<br \/>\ncreadores.<\/p>\n<p>Pasadas las 18:00, cuando los manifestantes estaban en la Plaza de San Francisco y el quinto dirigente estaba dando su discurso, un grupo de estudiantes logr\u00f3 burlar el cord\u00f3n policial y manifest\u00f3 su intenci\u00f3n de ir hacia la Plaza Grande, donde estaba la concentraci\u00f3n oficialista. Entonces, la Polic\u00eda termin\u00f3 por desalojar a todos los manifestantes usando toletes y la fuerza. Los marchantes se encontraban hasta el cierre de esta edici\u00f3n dispersos por varias calles y los enfrentamientos continuaban<\/p>\n<p>El jefe de la Unidad de Polic\u00eda Comunitaria de la Ciudadela M\u00e9xico confirm\u00f3 a Diario La Hora que hubo al menos 70 detenidos por disturbios fuera del Colegio Mont\u00fafar. Los detenidos fueron llevados a la Unidad de Flagrancia de la Fiscal\u00eda.<br \/>\nEl ministro de Educaci\u00f3n, Augusto Espinosa, hab\u00eda dicho el martes que \u201clos estudiantes que se encuentren en las manifestaciones ser\u00e1n sancionados\u201d, en referencia a los incidentes producidos entre supuestos estudiantes de varios colegios de Quito y agentes del orden p\u00fablico. (La hora y ecuadoraldia.com.ec)<\/p>\n<p>&nbsp;<\/p>\n","protected":false},"excerpt":{"rendered":"<p>La marcha de los obreros rebas\u00f3 la expectativa de los dirigentes sindicales ya que miles de personas de diferentes sectores<\/p>\n","protected":false},"author":1,"featured_media":0,"comment_status":"open","ping_status":"open","sticky":false,"template":"","format":"standard","meta":{"footnotes":""},"categories":[4],"tags":[],"_links":{"self":[{"href":"https:\/\/www.ecuadoraldia.com.ec\/index.php?rest_route=\/wp\/v2\/posts\/5120"}],"collection":[{"href":"https:\/\/www.ecuadoraldia.com.ec\/index.php?rest_route=\/wp\/v2\/posts"}],"about":[{"href":"https:\/\/www.ecuadoraldia.com.ec\/index.php?rest_route=\/wp\/v2\/types\/post"}],"author":[{"embeddable":true,"href":"https:\/\/www.ecuadoraldia.com.ec\/index.php?rest_route=\/wp\/v2\/users\/1"}],"replies":[{"embeddable":true,"href":"https:\/\/www.ecuadoraldia.com.ec\/index.php?rest_route=%2Fwp%2Fv2%2Fcomments&post=5120"}],"version-history":[{"count":1,"href":"https:\/\/www.ecuadoraldia.com.ec\/index.php?rest_route=\/wp\/v2\/posts\/5120\/revisions"}],"predecessor-version":[{"id":5122,"href":"https:\/\/www.ecuadoraldia.com.ec\/index.php?rest_route=\/wp\/v2\/posts\/5120\/revisions\/5122"}],"wp:attachment":[{"href":"https:\/\/www.ecuadoraldia.com.ec\/index.php?rest_route=%2Fwp%2Fv2%2Fmedia&parent=5120"}],"wp:term":[{"taxonomy":"category","embeddable":true,"href":"https:\/\/www.ecuadoraldia.com.ec\/index.php?rest_route=%2Fwp%2Fv2%2Fcategories&post=5120"},{"taxonomy":"post_tag","embeddable":true,"href":"https:\/\/www.ecuadoraldia.com.ec\/index.php?rest_route=%2Fwp%2Fv2%2Ftags&post=5120"}],"curies":[{"name":"wp","href":"https:\/\/api.w.org\/{rel}","templated":true}]}}