{"id":5123,"date":"2014-09-18T12:37:22","date_gmt":"2014-09-18T12:37:22","guid":{"rendered":"http:\/\/www.ecuadoraldia.com.ec\/?p=5123"},"modified":"2014-09-18T12:37:22","modified_gmt":"2014-09-18T12:37:22","slug":"corte-niega-demandas-de-inconstitucionalidad-contra-ley-de-comunicacion","status":"publish","type":"post","link":"https:\/\/www.ecuadoraldia.com.ec\/?p=5123","title":{"rendered":"Corte niega demandas de inconstitucionalidad contra Ley de Comunicaci\u00f3n"},"content":{"rendered":"<p><a href=\"http:\/\/www.ecuadoraldia.com.ec\/wp-content\/uploads\/2014\/09\/corte-constitucional.png\"><img loading=\"lazy\" decoding=\"async\" class=\"alignleft size-full wp-image-5124\" src=\"http:\/\/www.ecuadoraldia.com.ec\/wp-content\/uploads\/2014\/09\/corte-constitucional.png\" alt=\"corte constitucional\" width=\"281\" height=\"159\" \/><\/a>Pasada las 13h30 y despu\u00e9s de m\u00e1s de un a\u00f1o de tr\u00e1mite el pleno de la Corte Constitucional, emiti\u00f3 ayer la sentencia sobre las 3 demandas de inconstitucionalidad presentadas en contra de la Ley Org\u00e1nica de Comunicaci\u00f3n, la misma que entr\u00f3 en vigencia el 25 de junio de 2013.<\/p>\n<p>\u201cEste m\u00e1ximo organismo, en un acto p\u00fablico y transparente, luego de varias sesiones de trabajo, analiz\u00f3, revis\u00f3, observ\u00f3 y discuti\u00f3 el proyecto presentado para su conocimiento&#8230;\u201d, inicia su informe el titular de la CC, Patricio Pazmi\u00f1o.<\/p>\n<p>En 5 puntos la Corte decidi\u00f3 no admitir las demandas de inconstitucionalidad por razones de forma y fondo. Mientras que en 25 art\u00edculos se resolvi\u00f3 no admitir las objeciones por razones de fondo (1, 3, 5, 6, 17, 18, 20, 21, 22, 24, 26, 30, 38, 40, 42, 48, 55, 59, 61, 63, 64, 71, 84, 90 y 96) de dicha ley.<\/p>\n<p>El pleno s\u00ed declar\u00f3 la inconstitucionalidad en el art\u00edculo 2 sobre la titularidad y exigibilidad de los derechos, en la frase: \u201cque residen de manera regular\u201d.<\/p>\n<p>Tambi\u00e9n se proclam\u00f3 la inconstitucionalidad aditiva en el art\u00edculo 56 sobre las atribuciones de la Superintendencia de la Informaci\u00f3n y Comunicaci\u00f3n (Supercom), numeral 3 de la LOC. Finalmente se decidi\u00f3 la constitucionalidad condicionada del art\u00edculo 10, numeral 4, literal \u201ci\u201d.<\/p>\n<p>Una vez anunciado el fallo, el pleno de la Corte orden\u00f3 su inmediata notificaci\u00f3n y publicaci\u00f3n.<\/p>\n<p>Tres fueron los litigios en contra de m\u00e1s de 70 art\u00edculos de la normativa. El primero fue presentado el a\u00f1o pasado por el asamble\u00edsta Luis Fernando Torres ( CREO -PSC); el segundo por Diego Cornejo, director de la Asociaci\u00f3n de Editores de Peri\u00f3dicos (Aedep), y el cuarto por el catedr\u00e1tico de la Universidad San Francisco de Quito, Farith Simon, la Uni\u00f3n Nacional de Periodistas, UNP. etc.<\/p>\n<p>El pasado 20 de agosto, la jueza Mar\u00eda del Carmen Maldonado remiti\u00f3 al pleno del Organismo un proyecto de sentencia de 280 p\u00e1ginas que inclu\u00eda los 3 legitimados pasivos y 8 amicus curiae (amigo de la corte).<\/p>\n<p>El Presidente de la Corte. Patricio Pazmi\u00f1o, juanto avarios Magistrados di\u00f3 lectura al documento. No hubo preguntos de los periodistas, en vista de que solo se permiti\u00f3 el ecceso a la sala de camar\u00f3grafos y fotografos, mientras que los periodistas, tuvimos que receptar la informaci\u00f3n atrav\u00e9s de una pantalla de circuito cerrado, con deficiencia de audio, en la planta baja del edificio.(El telegrafo-Ecuadoraldia.com.ec)<\/p>\n","protected":false},"excerpt":{"rendered":"<p>Pasada las 13h30 y despu\u00e9s de m\u00e1s de un a\u00f1o de tr\u00e1mite el pleno de la Corte Constitucional, emiti\u00f3 ayer<\/p>\n","protected":false},"author":1,"featured_media":0,"comment_status":"open","ping_status":"open","sticky":false,"template":"","format":"standard","meta":{"footnotes":""},"categories":[1],"tags":[],"_links":{"self":[{"href":"https:\/\/www.ecuadoraldia.com.ec\/index.php?rest_route=\/wp\/v2\/posts\/5123"}],"collection":[{"href":"https:\/\/www.ecuadoraldia.com.ec\/index.php?rest_route=\/wp\/v2\/posts"}],"about":[{"href":"https:\/\/www.ecuadoraldia.com.ec\/index.php?rest_route=\/wp\/v2\/types\/post"}],"author":[{"embeddable":true,"href":"https:\/\/www.ecuadoraldia.com.ec\/index.php?rest_route=\/wp\/v2\/users\/1"}],"replies":[{"embeddable":true,"href":"https:\/\/www.ecuadoraldia.com.ec\/index.php?rest_route=%2Fwp%2Fv2%2Fcomments&post=5123"}],"version-history":[{"count":1,"href":"https:\/\/www.ecuadoraldia.com.ec\/index.php?rest_route=\/wp\/v2\/posts\/5123\/revisions"}],"predecessor-version":[{"id":5125,"href":"https:\/\/www.ecuadoraldia.com.ec\/index.php?rest_route=\/wp\/v2\/posts\/5123\/revisions\/5125"}],"wp:attachment":[{"href":"https:\/\/www.ecuadoraldia.com.ec\/index.php?rest_route=%2Fwp%2Fv2%2Fmedia&parent=5123"}],"wp:term":[{"taxonomy":"category","embeddable":true,"href":"https:\/\/www.ecuadoraldia.com.ec\/index.php?rest_route=%2Fwp%2Fv2%2Fcategories&post=5123"},{"taxonomy":"post_tag","embeddable":true,"href":"https:\/\/www.ecuadoraldia.com.ec\/index.php?rest_route=%2Fwp%2Fv2%2Ftags&post=5123"}],"curies":[{"name":"wp","href":"https:\/\/api.w.org\/{rel}","templated":true}]}}