{"id":5126,"date":"2014-09-18T23:34:35","date_gmt":"2014-09-18T23:34:35","guid":{"rendered":"http:\/\/www.ecuadoraldia.com.ec\/?p=5126"},"modified":"2014-09-18T23:34:35","modified_gmt":"2014-09-18T23:34:35","slug":"serrano-iniciara-acciones-judiciales-contra-responsables-de-desmanes-en-quito","status":"publish","type":"post","link":"https:\/\/www.ecuadoraldia.com.ec\/?p=5126","title":{"rendered":"Serrano iniciar\u00e1 acciones judiciales contra responsables de desmanes en Quito"},"content":{"rendered":"<p><a href=\"http:\/\/www.ecuadoraldia.com.ec\/wp-content\/uploads\/2014\/09\/disturbios.jpg\"><img loading=\"lazy\" decoding=\"async\" class=\"alignleft size-medium wp-image-5127\" src=\"http:\/\/www.ecuadoraldia.com.ec\/wp-content\/uploads\/2014\/09\/disturbios-300x199.jpg\" alt=\"170914_JG-ACT_BRONCAS_OPOSITORES-17.jpg\" width=\"300\" height=\"199\" srcset=\"https:\/\/www.ecuadoraldia.com.ec\/wp-content\/uploads\/2014\/09\/disturbios-300x199.jpg 300w, https:\/\/www.ecuadoraldia.com.ec\/wp-content\/uploads\/2014\/09\/disturbios.jpg 800w\" sizes=\"(max-width: 300px) 100vw, 300px\" \/><\/a>El ministro del Interior, Jos\u00e9 Serrano, inform\u00f3 a Diario EL TEL\u00c9GRAFO que 17 polic\u00edas resultaron heridos en los disturbios registrados ayer durante las manifestaciones opositoras a las pol\u00edticas del Gobierno. Dijo que tomar\u00e1 las acciones legales correspondientes en contra de los responsables de los desmanes, por lo cual han sido detenidas m\u00e1s de 70 personas.<\/p>\n<p>\u00abYo quiero responsabilizar nuevamente al extinto MPD (Movimiento Popular Democr\u00e1tico), a unos dirigentes de la FESE (Federaci\u00f3n de Estudiantes Secundarios del Ecuador) y de algunos movimientos espec\u00edficos, quiero responsabilizarles a ellos por esas agresiones brutales y el d\u00eda de hoy pondr\u00e9 personalmente la denuncia penal\u00bb, sostuvo el funcionario m\u00e1s temprano en una entrevista en GamaTV.<\/p>\n<p>Serrano explic\u00f3 que un grupo de individuos que, m\u00e1s all\u00e1 de presentar una reivindicaci\u00f3n sobre cualquier derecho, acudieron a \u00abgenerar hechos de violencia\u00bb y pretendieron usar estudiantes de los colegios Mont\u00fafar y Mej\u00eda de la capital. A\u00f1adi\u00f3 que estos \u00abinflitrados\u00bb incluso vest\u00edan uniformes de los planteles.<\/p>\n<p>El Ministro rechaz\u00f3 las versiones de ciertos medios de comunicaci\u00f3n que hablan sobre un desalojo violento por parte de la fuerza p\u00fablica a los asistentes a la marcha en la Plaza San Francisco. Subray\u00f3 que la Polic\u00eda tuvo una actitud \u00abponderada y prudente, que se vio contrarrestrada en cambio por una agresi\u00f3n brutal\u00bb.<\/p>\n<p>\u00abJam\u00e1s se inici\u00f3 un proceso de desalojo, sino, claro hubo un proceso de agresi\u00f3n de aproximadamente 30 minutos sobre nuestros polic\u00edas a palazos, a piedrazos, lanzamiento de bombas molotov, de palos encendidos con fuego, etc. Luego de eso hubo, obviamente, que hacer el retiro y desalojo de la plaza\u00bb, apunt\u00f3.<\/p>\n<p>Serrano detall\u00f3 que los agresores sacaron adoquines de la plaza para agredir incluso a las mujeres polic\u00edas, una de las cuales recibi\u00f3 un golpe en la cabeza y, aunque se encuentra estable, deber\u00e1 ser evaluada para determinar si requiere o no una operaci\u00f3n de la columna vertebral.<\/p>\n<p>Otro de los gendarmes agredidos, dijo, ser\u00e1 operado hoy por una fractura grave en la pelvis y en el hueso sacro. Se estima que su recuperaci\u00f3n durar\u00e1 unos 15 meses.<\/p>\n<p>El polic\u00eda que est\u00e1 m\u00e1s grave, especific\u00f3, es aquel que en las inmediaciones del colegio Mej\u00eda sufri\u00f3 un accidente cuando transitaba en su moto, por piedras que fueron lanzadas a las llantas del veh\u00edculo.<\/p>\n<p>El funcionario explic\u00f3 que en la Plaza San Francisco al menos 40 bombas molotov fueron lanzadas por los manifestantes violentos.<\/p>\n<p>Dijo que en la jornada de ayer hubo en total cerca de 120 personas retenidas, entre las cuales estaban unos 54 menores de edad que fueron entregados todos hasta la madrugada a sus padres.<\/p>\n<p>Serrano explic\u00f3 que las denuncias ser\u00e1n presentadas contra aproximadamente 37 personas, todas mayores de edad, que generaron desmanes en las inmediaciones del colegio Mont\u00fafar. De igual forma contra otras 40 personas se\u00f1aladas como responsables de los disturbios en los exteriores del colegio Mej\u00eda y en la Plaza San Francisco.<\/p>\n<p><iframe loading=\"lazy\" width=\"800\" height=\"450\" src=\"https:\/\/www.youtube.com\/embed\/eUlusbC1fh0?feature=oembed\" frameborder=\"0\" allowfullscreen><\/iframe><\/p>\n","protected":false},"excerpt":{"rendered":"<p>El ministro del Interior, Jos\u00e9 Serrano, inform\u00f3 a Diario EL TEL\u00c9GRAFO que 17 polic\u00edas resultaron heridos en los disturbios registrados<\/p>\n","protected":false},"author":1,"featured_media":0,"comment_status":"open","ping_status":"open","sticky":false,"template":"","format":"standard","meta":{"footnotes":""},"categories":[5],"tags":[],"_links":{"self":[{"href":"https:\/\/www.ecuadoraldia.com.ec\/index.php?rest_route=\/wp\/v2\/posts\/5126"}],"collection":[{"href":"https:\/\/www.ecuadoraldia.com.ec\/index.php?rest_route=\/wp\/v2\/posts"}],"about":[{"href":"https:\/\/www.ecuadoraldia.com.ec\/index.php?rest_route=\/wp\/v2\/types\/post"}],"author":[{"embeddable":true,"href":"https:\/\/www.ecuadoraldia.com.ec\/index.php?rest_route=\/wp\/v2\/users\/1"}],"replies":[{"embeddable":true,"href":"https:\/\/www.ecuadoraldia.com.ec\/index.php?rest_route=%2Fwp%2Fv2%2Fcomments&post=5126"}],"version-history":[{"count":1,"href":"https:\/\/www.ecuadoraldia.com.ec\/index.php?rest_route=\/wp\/v2\/posts\/5126\/revisions"}],"predecessor-version":[{"id":5128,"href":"https:\/\/www.ecuadoraldia.com.ec\/index.php?rest_route=\/wp\/v2\/posts\/5126\/revisions\/5128"}],"wp:attachment":[{"href":"https:\/\/www.ecuadoraldia.com.ec\/index.php?rest_route=%2Fwp%2Fv2%2Fmedia&parent=5126"}],"wp:term":[{"taxonomy":"category","embeddable":true,"href":"https:\/\/www.ecuadoraldia.com.ec\/index.php?rest_route=%2Fwp%2Fv2%2Fcategories&post=5126"},{"taxonomy":"post_tag","embeddable":true,"href":"https:\/\/www.ecuadoraldia.com.ec\/index.php?rest_route=%2Fwp%2Fv2%2Ftags&post=5126"}],"curies":[{"name":"wp","href":"https:\/\/api.w.org\/{rel}","templated":true}]}}