{"id":5129,"date":"2014-09-18T23:36:42","date_gmt":"2014-09-18T23:36:42","guid":{"rendered":"http:\/\/www.ecuadoraldia.com.ec\/?p=5129"},"modified":"2014-09-18T23:36:42","modified_gmt":"2014-09-18T23:36:42","slug":"frente-unidos-busca-consolidar-el-proceso-de-revolucion-ciudadana","status":"publish","type":"post","link":"https:\/\/www.ecuadoraldia.com.ec\/?p=5129","title":{"rendered":"Frente \u00abUnidos\u00bb busca consolidar el proceso de Revoluci\u00f3n Ciudadana"},"content":{"rendered":"<p><a href=\"http:\/\/www.ecuadoraldia.com.ec\/wp-content\/uploads\/2014\/09\/unidos-izq.jpg\"><img loading=\"lazy\" decoding=\"async\" class=\"alignleft size-medium wp-image-5130\" src=\"http:\/\/www.ecuadoraldia.com.ec\/wp-content\/uploads\/2014\/09\/unidos-izq-300x126.jpg\" alt=\"unidos izq\" width=\"300\" height=\"126\" srcset=\"https:\/\/www.ecuadoraldia.com.ec\/wp-content\/uploads\/2014\/09\/unidos-izq-300x126.jpg 300w, https:\/\/www.ecuadoraldia.com.ec\/wp-content\/uploads\/2014\/09\/unidos-izq.jpg 450w\" sizes=\"(max-width: 300px) 100vw, 300px\" \/><\/a>Esta ma\u00f1ana se present\u00f3 el Frente \u00abUnidos\u00bb, que est\u00e1 integrado por 15 organizaciones y colectivos de izquierdas progresistas del pa\u00eds.<\/p>\n<p>Varios de los representantes de cada grupo pol\u00edtico se dieron cita en las instalaciones de la sede del Movimiento de Alianza PAIS (norte de Quito) para dar a conocer la ideolog\u00eda con la que nace esta nueva organizaci\u00f3n.<\/p>\n<p>Como anfitriona, Doris Soliz, secretaria ejecutiva de PAIS, dijo que se concret\u00f3 este proyecto que se fue puliendo por varios meses de trabajo por la unidad de la Revoluci\u00f3n Ciudadana para continuar profundizando este proceso de cambio.<\/p>\n<p>Soliz aclar\u00f3 que Unidos pretende ser un espacio no electoral y de nuevas propuestas y aportes para consolidar la Revoluci\u00f3n Ciudadana.<\/p>\n<p>Adem\u00e1s de PAIS est\u00e1n los representantes del Partido Socialista Frente Amplio (PSFA), Partido Comunista Ecuatoriano, Juventud Comunista del Ecuador, el Movimiento Alfaro Vive Carajo (AVC), Avanza. Adem\u00e1s de integrantes de los movimientos locales y regionales como Centro Democr\u00e1tico, Aut\u00f3nomo Regional (MAR); Amazon\u00eda Vive, Agrario de Integraci\u00f3n San Miguel (MAIS), Conduce; Pachakutik Chimborazo, Acci\u00f3n Regional por la Equidad, Movimiento de Izquierda Revolucionario y Unidad Primero.<\/p>\n<p>A las 18:00 de hoy, los militantes y simpatizantes de estas organizaciones se dar\u00e1n cita en el Teatro de la Casa de la Cultura Ecuatoriana, en donde en compa\u00f1\u00eda del presidente Rafael Correa se presentar\u00e1 oficialmente a este grupo.(TEL\u00c9GRAFO).<\/p>\n","protected":false},"excerpt":{"rendered":"<p>Esta ma\u00f1ana se present\u00f3 el Frente \u00abUnidos\u00bb, que est\u00e1 integrado por 15 organizaciones y colectivos de izquierdas progresistas del pa\u00eds.<\/p>\n","protected":false},"author":1,"featured_media":0,"comment_status":"open","ping_status":"open","sticky":false,"template":"","format":"standard","meta":{"footnotes":""},"categories":[3],"tags":[],"_links":{"self":[{"href":"https:\/\/www.ecuadoraldia.com.ec\/index.php?rest_route=\/wp\/v2\/posts\/5129"}],"collection":[{"href":"https:\/\/www.ecuadoraldia.com.ec\/index.php?rest_route=\/wp\/v2\/posts"}],"about":[{"href":"https:\/\/www.ecuadoraldia.com.ec\/index.php?rest_route=\/wp\/v2\/types\/post"}],"author":[{"embeddable":true,"href":"https:\/\/www.ecuadoraldia.com.ec\/index.php?rest_route=\/wp\/v2\/users\/1"}],"replies":[{"embeddable":true,"href":"https:\/\/www.ecuadoraldia.com.ec\/index.php?rest_route=%2Fwp%2Fv2%2Fcomments&post=5129"}],"version-history":[{"count":1,"href":"https:\/\/www.ecuadoraldia.com.ec\/index.php?rest_route=\/wp\/v2\/posts\/5129\/revisions"}],"predecessor-version":[{"id":5131,"href":"https:\/\/www.ecuadoraldia.com.ec\/index.php?rest_route=\/wp\/v2\/posts\/5129\/revisions\/5131"}],"wp:attachment":[{"href":"https:\/\/www.ecuadoraldia.com.ec\/index.php?rest_route=%2Fwp%2Fv2%2Fmedia&parent=5129"}],"wp:term":[{"taxonomy":"category","embeddable":true,"href":"https:\/\/www.ecuadoraldia.com.ec\/index.php?rest_route=%2Fwp%2Fv2%2Fcategories&post=5129"},{"taxonomy":"post_tag","embeddable":true,"href":"https:\/\/www.ecuadoraldia.com.ec\/index.php?rest_route=%2Fwp%2Fv2%2Ftags&post=5129"}],"curies":[{"name":"wp","href":"https:\/\/api.w.org\/{rel}","templated":true}]}}