{"id":513,"date":"2013-07-21T20:04:27","date_gmt":"2013-07-21T20:04:27","guid":{"rendered":"http:\/\/www.ecuadoraldia.com.ec\/?p=513"},"modified":"2013-07-21T20:04:27","modified_gmt":"2013-07-21T20:04:27","slug":"servicio-secreto-aleman-reconoce-haber-probado-el-software-de-espionaje-de-eeuu","status":"publish","type":"post","link":"https:\/\/www.ecuadoraldia.com.ec\/?p=513","title":{"rendered":"Servicio secreto  alem\u00e1n reconoce haber probado el software de espionaje de EEUU"},"content":{"rendered":"<p>Los servicios secretos alemanes que operan en el interior del pa\u00eds, han reconocido que probaron un software de espionaje estadounidense, aunque aseguran que ya no lo emplean, seg\u00fan una entrevista difundida hoy por el \u00abBild am Sonntag\u00bb.<\/p>\n<p>El presidente de la Oficina Federal para la Protecci\u00f3n de la Constituci\u00f3n (BfV), Hans-Georg Maa\u00dfen, lo confirma en el rotativo despu\u00e9s de que ayer avanzase el semanario \u00abDer Spiegel\u00bb que la inteligencia alemana, tanto la interna como la exterior, utiliza el programa estadounidense de espionaje masivo \u00abXkeyscore\u00bb.<\/p>\n<p>No obstante, el jefe del espionaje interior de Alemania -nombrado recientemente, a ra\u00edz de la salida de su predecesor por el esc\u00e1ndalo de la c\u00e9lula terrorista neonazi- recalc\u00f3 que, si bien este software fue probado, \u00aben la actualidad\u00bb no se emplea.<\/p>\n<p>\u00abNiego las especulaciones de que la BfV recoja datos en Alemania gracias al software que la (Agencia de Seguridad nacional estadounidense) NSA puso a nuestra disposici\u00f3n y se los env\u00ede a EEUU\u00bb, asegur\u00f3 Maa\u00dfen.<\/p>\n<p>\u00abEn su cooperaci\u00f3n con la NSA, la BfV se ci\u00f1e de manera estricta a sus competenciales legales\u00bb, agreg\u00f3.<\/p>\n<p>\u00abDer Spiegel\u00bb asegura en su \u00faltimo n\u00famero que tanto el BND, el servicio de espionaje exterior alem\u00e1n, como la BfV emplean el software \u00abXKeyscore\u00bb desarrollado por la NSA, el organismo acusado de orquestar un sistema de espionaje masivo a escala mundial.<\/p>\n<p>EEUU puso este programa a disposici\u00f3n de Alemania para que sus servicios secretos pudiesen apoyarles en la lucha contra el terrorismo, seg\u00fan documentos de la NSA a los que ha tenido acceso la publicaci\u00f3n.<\/p>\n<p>Este sistema permite, adem\u00e1s del almacenamiento de los denominados \u00abmetadatos\u00bb -qui\u00e9n se comunica con qui\u00e9n, cu\u00e1ndo, cu\u00e1nto y desde d\u00f3nde-, ver retrospectivamente las b\u00fasquedas realizadas por personas concretas en buscadores de internet e, incluso, tomas de contenido \u00abfull take\u00bb de varios d\u00edas.<\/p>\n<p>Bajo esta denominaci\u00f3n anglosajona se engloba a las t\u00e9cnicas que permiten almacenar en bruto todos los contenidos de las comunicaciones telef\u00f3nicas y v\u00eda internet de un individuo durante un per\u00edodo de tiempo.<\/p>\n<p>\u00abDer Spiegel\u00bb agrega que de los alrededor de 500 millones de datos provenientes de Alemania que con car\u00e1cter mensual obtiene Estados Unidos, unos 180 millones se obtienen con \u00abXkeyscore\u00bb.<\/p>\n<p>Desde que el ext\u00e9cnico de la CIA Edward Snowden destap\u00f3 el esc\u00e1ndalo del programa de espionaje masivo de Estados Unidos, la presi\u00f3n ha ido creciendo sobre el Gobierno alem\u00e1n y sus servicios secretos.<\/p>\n<p>Ambos han negado cualquier conocimiento al respecto, pese a que el propio Snowden asegur\u00f3 que los servicios secretos de Estados Unidos y Alemania estaban \u00abconchabados\u00bb. EFE<\/p>\n","protected":false},"excerpt":{"rendered":"<p>Los servicios secretos alemanes que operan en el interior del pa\u00eds, han reconocido que probaron un software de espionaje estadounidense,<\/p>\n","protected":false},"author":1,"featured_media":0,"comment_status":"open","ping_status":"open","sticky":false,"template":"","format":"standard","meta":{"footnotes":""},"categories":[7],"tags":[],"_links":{"self":[{"href":"https:\/\/www.ecuadoraldia.com.ec\/index.php?rest_route=\/wp\/v2\/posts\/513"}],"collection":[{"href":"https:\/\/www.ecuadoraldia.com.ec\/index.php?rest_route=\/wp\/v2\/posts"}],"about":[{"href":"https:\/\/www.ecuadoraldia.com.ec\/index.php?rest_route=\/wp\/v2\/types\/post"}],"author":[{"embeddable":true,"href":"https:\/\/www.ecuadoraldia.com.ec\/index.php?rest_route=\/wp\/v2\/users\/1"}],"replies":[{"embeddable":true,"href":"https:\/\/www.ecuadoraldia.com.ec\/index.php?rest_route=%2Fwp%2Fv2%2Fcomments&post=513"}],"version-history":[{"count":2,"href":"https:\/\/www.ecuadoraldia.com.ec\/index.php?rest_route=\/wp\/v2\/posts\/513\/revisions"}],"predecessor-version":[{"id":515,"href":"https:\/\/www.ecuadoraldia.com.ec\/index.php?rest_route=\/wp\/v2\/posts\/513\/revisions\/515"}],"wp:attachment":[{"href":"https:\/\/www.ecuadoraldia.com.ec\/index.php?rest_route=%2Fwp%2Fv2%2Fmedia&parent=513"}],"wp:term":[{"taxonomy":"category","embeddable":true,"href":"https:\/\/www.ecuadoraldia.com.ec\/index.php?rest_route=%2Fwp%2Fv2%2Fcategories&post=513"},{"taxonomy":"post_tag","embeddable":true,"href":"https:\/\/www.ecuadoraldia.com.ec\/index.php?rest_route=%2Fwp%2Fv2%2Ftags&post=513"}],"curies":[{"name":"wp","href":"https:\/\/api.w.org\/{rel}","templated":true}]}}