{"id":5135,"date":"2014-09-18T23:54:03","date_gmt":"2014-09-18T23:54:03","guid":{"rendered":"http:\/\/www.ecuadoraldia.com.ec\/?p=5135"},"modified":"2014-09-18T23:54:03","modified_gmt":"2014-09-18T23:54:03","slug":"confederacion-de-periodista-del-ecuador-organiza-seminario","status":"publish","type":"post","link":"https:\/\/www.ecuadoraldia.com.ec\/?p=5135","title":{"rendered":"Confederaci\u00f3n de Periodista del Ecuador organiza seminario"},"content":{"rendered":"<p><a href=\"http:\/\/www.ecuadoraldia.com.ec\/wp-content\/uploads\/2014\/09\/periodismo.jpg\"><img loading=\"lazy\" decoding=\"async\" class=\"alignleft size-full wp-image-5136\" src=\"http:\/\/www.ecuadoraldia.com.ec\/wp-content\/uploads\/2014\/09\/periodismo.jpg\" alt=\"periodismo\" width=\"194\" height=\"221\" \/><\/a>El evento se desarrollar\u00e1 este viernes 19 de septiembre en el hotel Col\u00f3n en Quito y tiene como objetivo analizar la tem\u00e1tica. \u201cLOS RETOS DEL PERIODISMO EN TIEMPOS DE DEMOCRACIA\u201d<\/p>\n<p>Al evento han sido invitados expertos conferencistas nacionales e internacionales que abordar\u00e1n tem\u00e1ticas de debate contempor\u00e1neo como OPINI\u00d3N P\u00daBLICA Y HEGEMON\u00cdAS DISCURSIVAS EN LOS MEDIOS, DISE\u00d1OS DE INVESTIGACI\u00d3N COMUNICAIONAL,OPINI\u00d3N P\u00daBLICA Y MEDIOS DE COMUNICACI\u00d3N EN DEMOCRACIA, COMUNICACI\u00d3N ESTRET\u00c9GICA, POSICIONAMIENTO E IMAG\u00c9N P\u00daBLICA, INFLUENCIA DE MEDIOS P\u00daBLICOS, PRIVADOS Y ALTERNATIVOS, PLATAFORMAS DIGITALES, POL\u00cdTICA Y COMUNICACI\u00d3N entre otros.<\/p>\n<p>Son tres los ejes tem\u00e1ticos que se desarrollar\u00e1n en el V SEMINARIO INTERNACIONAL. Las transformaciones que se han venido operando en las \u00faltimas d\u00e9cadas en cuanto a entornos democr\u00e1ticos para la prensa, el discurso pol\u00edtico y los c\u00f3digos de comunicaci\u00f3n, vinculados estos a la b\u00fasqueda de m\u00e9todos modernos del quehacer period\u00edstico y lo que es m\u00e1s la \u00e9tica del comunicador ante los contenidos editoriales y formas responsables de llevar el mensaje period\u00edstico a la sociedad, indic\u00f3 el COORDINADOR NACIONAL ACAD\u00c9MICO Ren\u00e9 I\u00f1iguez Ramos.<\/p>\n<p>Expertos nacionales como el Consultor Estrat\u00e9gico Pol\u00edtico Oswaldo Moreno y Santiago P\u00e9rez experto en encuestas y opini\u00f3n p\u00fablica, estar\u00e1n debatiendo las tem\u00e1ticas de actualidad comunicacional.<\/p>\n<p>Y a nivel internacional han sido invitados los expertos consultores Meysis Carmenati Gonz\u00e1lez PhD (CUBA) , Felipe Aliaga S\u00e1ez PhD (CHILE), Gustavo Gait\u00e1n Thornee (COLOMBIA), Juan Roca Ospina (COLOMBIA) y Diego Apolo Buena\u00f1o quienes ser\u00e1n los encargados de debatir ponencias contempor\u00e1neas.<\/p>\n<p>Para finalizar, Ren\u00e9 I\u00f1iguez Ramos, indic\u00f3 que aspira que el evento en cuesti\u00f3n, sea un fruct\u00edfero encuentro entre profesionales de distintas \u00e1reas del continente prestos a intercambiar y debatir las nuevas modalidades y el perfil de los comunicadores y los medios sintonicen y se pongan a tono con los nuevos escenarios culturales, sociol\u00f3gicos, econ\u00f3micos, pol\u00edticos y human\u00edsticos que han irrumpido en las \u00faltimas d\u00e9cadas. RELACIONES P\u00daBLICAS C.N.P.E.<\/p>\n<p>&nbsp;<\/p>\n","protected":false},"excerpt":{"rendered":"<p>El evento se desarrollar\u00e1 este viernes 19 de septiembre en el hotel Col\u00f3n en Quito y tiene como objetivo analizar<\/p>\n","protected":false},"author":1,"featured_media":0,"comment_status":"open","ping_status":"open","sticky":false,"template":"","format":"standard","meta":{"footnotes":""},"categories":[4],"tags":[],"_links":{"self":[{"href":"https:\/\/www.ecuadoraldia.com.ec\/index.php?rest_route=\/wp\/v2\/posts\/5135"}],"collection":[{"href":"https:\/\/www.ecuadoraldia.com.ec\/index.php?rest_route=\/wp\/v2\/posts"}],"about":[{"href":"https:\/\/www.ecuadoraldia.com.ec\/index.php?rest_route=\/wp\/v2\/types\/post"}],"author":[{"embeddable":true,"href":"https:\/\/www.ecuadoraldia.com.ec\/index.php?rest_route=\/wp\/v2\/users\/1"}],"replies":[{"embeddable":true,"href":"https:\/\/www.ecuadoraldia.com.ec\/index.php?rest_route=%2Fwp%2Fv2%2Fcomments&post=5135"}],"version-history":[{"count":1,"href":"https:\/\/www.ecuadoraldia.com.ec\/index.php?rest_route=\/wp\/v2\/posts\/5135\/revisions"}],"predecessor-version":[{"id":5137,"href":"https:\/\/www.ecuadoraldia.com.ec\/index.php?rest_route=\/wp\/v2\/posts\/5135\/revisions\/5137"}],"wp:attachment":[{"href":"https:\/\/www.ecuadoraldia.com.ec\/index.php?rest_route=%2Fwp%2Fv2%2Fmedia&parent=5135"}],"wp:term":[{"taxonomy":"category","embeddable":true,"href":"https:\/\/www.ecuadoraldia.com.ec\/index.php?rest_route=%2Fwp%2Fv2%2Fcategories&post=5135"},{"taxonomy":"post_tag","embeddable":true,"href":"https:\/\/www.ecuadoraldia.com.ec\/index.php?rest_route=%2Fwp%2Fv2%2Ftags&post=5135"}],"curies":[{"name":"wp","href":"https:\/\/api.w.org\/{rel}","templated":true}]}}