{"id":5142,"date":"2014-09-20T15:56:35","date_gmt":"2014-09-20T15:56:35","guid":{"rendered":"http:\/\/www.ecuadoraldia.com.ec\/?p=5142"},"modified":"2014-09-20T15:56:35","modified_gmt":"2014-09-20T15:56:35","slug":"ecuador-fustiga-a-eeuu-por-fracaso-de-estrategia-represiva-en-lucha-antidroga","status":"publish","type":"post","link":"https:\/\/www.ecuadoraldia.com.ec\/?p=5142","title":{"rendered":"Ecuador fustiga a EEUU por fracaso de estrategia represiva en lucha antidroga"},"content":{"rendered":"<p><a href=\"http:\/\/www.ecuadoraldia.com.ec\/wp-content\/uploads\/2014\/09\/canciller_ecuatoriano.jpg\"><img loading=\"lazy\" decoding=\"async\" class=\"alignleft size-full wp-image-5143\" src=\"http:\/\/www.ecuadoraldia.com.ec\/wp-content\/uploads\/2014\/09\/canciller_ecuatoriano.jpg\" alt=\"canciller_ecuatoriano\" width=\"252\" height=\"215\" \/><\/a>20 sep (Andes) &#8211; El canciller de Ecuador, Ricardo Pati\u00f1o, afirm\u00f3 el viernes en Guatemala que las acciones represivas contra el narcotr\u00e1fico, impulsadas principalmente por Estados Unidos, han fracasado y llam\u00f3 a los pa\u00edses consumidores a asumir su responsabilidad para frenar la demanda de las drogas.<\/p>\n<p>\u00abEn las \u00faltimas d\u00e9cadas se probaron medidas para combatir la oferta de la droga (&#8230;). Dicho enfoque represivo prevaleci\u00f3 y como lo muestran las estad\u00edsticas fracas\u00f3 \u00bfPor qu\u00e9 insistir en el?\u00bb, cuestion\u00f3 Pati\u00f1o en la asamblea extraordinaria de la OEA sobre las drogas, en la capital guatemalteca.<\/p>\n<p>El diplom\u00e1tico ecuatoriano indic\u00f3 que gobiernos anteriores en el hemisferio \u00abconsintieron\u00bb la imposici\u00f3n de un \u00abenfoque prohibicionista militarista\u00bb a las drogas, que atentaron \u00aben muchos casos contra la soberan\u00eda nacional\u00bb.<\/p>\n<p>Pati\u00f1o agreg\u00f3 que el narcotr\u00e1fico tambi\u00e9n existe en el norte del continente, en referencia a Estados Unidos, y recrimin\u00f3 que \u00abson contados con los dedos de las manos los grandes narcotraficantes apresados o condenados\u00bb en ese pa\u00eds \u00abdonde tienen sus negocios y cuentas bancarias\u00bb.<\/p>\n<p>\u00abEn su sistema financiero se lava, seg\u00fan la Federaci\u00f3n Latinoamericana de Bancos, por lo menos el 80% del dinero proveniente del narcotr\u00e1fico y de los delitos conexos como la trata de personas y tr\u00e1fico de armas\u00bb, asegur\u00f3.<\/p>\n<p>Durante su participaci\u00f3n en la reuni\u00f3n de la Organizaci\u00f3n de Estados Americanos (OEA), Pati\u00f1o tambi\u00e9n critic\u00f3 el reciente informe entregado por el presidente de Estados Unidos, Barack Obama, al Congreso acerca de los pa\u00edses productores o de tr\u00e1nsito de drogas que han \u00abfallado\u00bb en el combate al narcotr\u00e1fico.<\/p>\n<p>\u00abResulta ir\u00f3nico que quien emite este informe resulte ser el principal adalid de las pol\u00edticas represivas desde hace d\u00e9cadas. El pa\u00eds con una mayor atracci\u00f3n del comercio il\u00edcito de drogas, los mayores consumidores del mundo\u00bb, detall\u00f3 Pati\u00f1o.<\/p>\n<p>Coment\u00f3 que la cooperaci\u00f3n que brinda Estados Unidos en la lucha contra el narcotr\u00e1fico deber\u00eda ser invertida en grandes campa\u00f1as para prevenir el consumo de estupefacientes en su territorio, y con ello golpear la demana para desestimular la oferta.<\/p>\n<p>El canciller ecuatoriano se mostr\u00f3 a favor de abordar el problema de las drogas desde el punto de vista de los derechos humanos y de salud p\u00fablica.<\/p>\n<p>La OEA pretende alcanzar una postura com\u00fan en las Am\u00e9ricas de cara a la Asamblea General de las Naciones Unidas especial sobre drogas prevista para el primer trimestre de 2016. AFP (Andes.Info.ec)<\/p>\n","protected":false},"excerpt":{"rendered":"<p>20 sep (Andes) &#8211; El canciller de Ecuador, Ricardo Pati\u00f1o, afirm\u00f3 el viernes en Guatemala que las acciones represivas contra<\/p>\n","protected":false},"author":1,"featured_media":0,"comment_status":"open","ping_status":"open","sticky":false,"template":"","format":"standard","meta":{"footnotes":""},"categories":[1],"tags":[],"_links":{"self":[{"href":"https:\/\/www.ecuadoraldia.com.ec\/index.php?rest_route=\/wp\/v2\/posts\/5142"}],"collection":[{"href":"https:\/\/www.ecuadoraldia.com.ec\/index.php?rest_route=\/wp\/v2\/posts"}],"about":[{"href":"https:\/\/www.ecuadoraldia.com.ec\/index.php?rest_route=\/wp\/v2\/types\/post"}],"author":[{"embeddable":true,"href":"https:\/\/www.ecuadoraldia.com.ec\/index.php?rest_route=\/wp\/v2\/users\/1"}],"replies":[{"embeddable":true,"href":"https:\/\/www.ecuadoraldia.com.ec\/index.php?rest_route=%2Fwp%2Fv2%2Fcomments&post=5142"}],"version-history":[{"count":1,"href":"https:\/\/www.ecuadoraldia.com.ec\/index.php?rest_route=\/wp\/v2\/posts\/5142\/revisions"}],"predecessor-version":[{"id":5144,"href":"https:\/\/www.ecuadoraldia.com.ec\/index.php?rest_route=\/wp\/v2\/posts\/5142\/revisions\/5144"}],"wp:attachment":[{"href":"https:\/\/www.ecuadoraldia.com.ec\/index.php?rest_route=%2Fwp%2Fv2%2Fmedia&parent=5142"}],"wp:term":[{"taxonomy":"category","embeddable":true,"href":"https:\/\/www.ecuadoraldia.com.ec\/index.php?rest_route=%2Fwp%2Fv2%2Fcategories&post=5142"},{"taxonomy":"post_tag","embeddable":true,"href":"https:\/\/www.ecuadoraldia.com.ec\/index.php?rest_route=%2Fwp%2Fv2%2Ftags&post=5142"}],"curies":[{"name":"wp","href":"https:\/\/api.w.org\/{rel}","templated":true}]}}