{"id":5145,"date":"2014-09-23T12:08:14","date_gmt":"2014-09-23T12:08:14","guid":{"rendered":"http:\/\/www.ecuadoraldia.com.ec\/?p=5145"},"modified":"2014-09-23T12:08:34","modified_gmt":"2014-09-23T12:08:34","slug":"fotografos-reclaman-por-derechos-de-un-colega-y-reciben-insultos-de-director-de-diario-privado","status":"publish","type":"post","link":"https:\/\/www.ecuadoraldia.com.ec\/?p=5145","title":{"rendered":"Fot\u00f3grafos reclaman por derechos de un colega y reciben insultos de director de diario privado"},"content":{"rendered":"<figure id=\"attachment_5146\" aria-describedby=\"caption-attachment-5146\" style=\"width: 296px\" class=\"wp-caption alignleft\"><a href=\"http:\/\/www.ecuadoraldia.com.ec\/wp-content\/uploads\/2014\/09\/vivanco.jpg\"><img loading=\"lazy\" decoding=\"async\" class=\"size-full wp-image-5146\" src=\"http:\/\/www.ecuadoraldia.com.ec\/wp-content\/uploads\/2014\/09\/vivanco.jpg\" alt=\"foto Fernando Sandoval\" width=\"296\" height=\"186\" \/><\/a><figcaption id=\"caption-attachment-5146\" class=\"wp-caption-text\">foto Fernando Sandoval<\/figcaption><\/figure>\n<p>El presidente nacional de diario La Hora, Francisco Vivanco, arremeti\u00f3 esta tarde contra los fot\u00f3grafos que realizaron una protesta pac\u00edfica en las afueras del medio de comunicaci\u00f3n, en solidaridad con Ra\u00fal Lluno, quien labor\u00f3 por 27 en el rotativo y que seg\u00fan su familia el peri\u00f3dico intent\u00f3 separar bajo la figura de abandono voluntario, inform\u00f3 diario El Tel\u00e9grafo.<\/p>\n<p>Los fot\u00f3grafos, entre quienes se encontraban colaboradores de agencias internacionales e independientes, reclamaban por derechos y recibieron insultos del director. \u00ab\u00bfQu\u00e9 derecho tienes t\u00fa para preguntarme a m\u00ed?\u00bb, dijo Vivanco a los fot\u00f3grafos, que reiteradamente lo increparon si pagar\u00e1 sus haberes a Lluno. \u00ab\u00bfPor qu\u00e9 tengo que explicarte? (&#8230;) Pasen y yo les doy los papeles\u00bb, reiter\u00f3, en tono agresivo.<\/p>\n<p>Luego se dirigi\u00f3 a otro fot\u00f3grafo: \u00abVer\u00e1s jet\u00f3n, hay leyes y la jubilaci\u00f3n, para tu ignorancia, no es un derecho que depende de m\u00ed, eso es una ley (&#8230;) cuando tu cumples 25 a\u00f1os tienes el derecho de jubilaci\u00f3n, que no depende de m\u00ed ni de vos, sino de la Ley\u00bb.<\/p>\n<p>El 16 de septiembre pasado, la familia de Lluno denunci\u00f3 a El Tel\u00e9grafo que La Hora intent\u00f3 separlo bajo la figura de abandono voluntario. Su sobrina Natalia Lluno relat\u00f3 que los primeros d\u00edas de agosto, el fot\u00f3grafo pidi\u00f3 15 d\u00edas de vacaciones, los cuales pas\u00f3 internado en el Hospital Carlos Andrade Mar\u00edn, en donde le diagnosticaron Alzheimer y de lo que dan fe los respectivos certificados m\u00e9dicos.<\/p>\n<p>Por lo tanto, de acuerdo con la versi\u00f3n de Natalia Lluno, acudieron al Ministerio de Relaciones Laborales para firmar el desahucio. All\u00ed le dijeron que deb\u00eda trabajar 15 d\u00edas m\u00e1s por ley. Cuando la sobrina le indic\u00f3 esto a la jefa de Recursos Humanos de Editorial Minotauro, Viviana Ortiz, ella le propuso \u201cconcederle\u201d esos d\u00edas como vacaciones.<\/p>\n<p>\u201cEn ese tiempo ha ido al Ministerio y le han puesto como despido intempestivo por abandono voluntario del trabajador y no le quieren reconocer la jubilaci\u00f3n. No le he hecho firmar nada hasta resolver esto\u201d, manifest\u00f3 Natalia.<\/p>\n<p>La Hora argument\u00f3 que el 28 de agosto, la empresa recibi\u00f3 un documento del Ministerio de Relaciones Laborales, con el tr\u00e1mite N0 178835-2014-GASM, notificando la renuncia presentada por Lluno ante la cartera de Estado.<\/p>\n<p>Se\u00f1alan que el medio \u00abjam\u00e1s ha negado ning\u00fan beneficio al que como trabajador, el se\u00f1or Lluno, tiene derecho\u00bb. Explican que la liquidaci\u00f3n correspondiente se la har\u00e1 en la fecha que se\u00f1ale el Ministerio de Relaciones Laborales. ( Fuente &#8211; ANDES)<\/p>\n<p><iframe loading=\"lazy\" width=\"800\" height=\"600\" src=\"https:\/\/www.youtube.com\/embed\/IF-WEAjoZ78?feature=oembed\" frameborder=\"0\" allowfullscreen><\/iframe><\/p>\n","protected":false},"excerpt":{"rendered":"<p>El presidente nacional de diario La Hora, Francisco Vivanco, arremeti\u00f3 esta tarde contra los fot\u00f3grafos que realizaron una protesta pac\u00edfica<\/p>\n","protected":false},"author":1,"featured_media":0,"comment_status":"open","ping_status":"open","sticky":false,"template":"","format":"standard","meta":{"footnotes":""},"categories":[4],"tags":[],"_links":{"self":[{"href":"https:\/\/www.ecuadoraldia.com.ec\/index.php?rest_route=\/wp\/v2\/posts\/5145"}],"collection":[{"href":"https:\/\/www.ecuadoraldia.com.ec\/index.php?rest_route=\/wp\/v2\/posts"}],"about":[{"href":"https:\/\/www.ecuadoraldia.com.ec\/index.php?rest_route=\/wp\/v2\/types\/post"}],"author":[{"embeddable":true,"href":"https:\/\/www.ecuadoraldia.com.ec\/index.php?rest_route=\/wp\/v2\/users\/1"}],"replies":[{"embeddable":true,"href":"https:\/\/www.ecuadoraldia.com.ec\/index.php?rest_route=%2Fwp%2Fv2%2Fcomments&post=5145"}],"version-history":[{"count":1,"href":"https:\/\/www.ecuadoraldia.com.ec\/index.php?rest_route=\/wp\/v2\/posts\/5145\/revisions"}],"predecessor-version":[{"id":5147,"href":"https:\/\/www.ecuadoraldia.com.ec\/index.php?rest_route=\/wp\/v2\/posts\/5145\/revisions\/5147"}],"wp:attachment":[{"href":"https:\/\/www.ecuadoraldia.com.ec\/index.php?rest_route=%2Fwp%2Fv2%2Fmedia&parent=5145"}],"wp:term":[{"taxonomy":"category","embeddable":true,"href":"https:\/\/www.ecuadoraldia.com.ec\/index.php?rest_route=%2Fwp%2Fv2%2Fcategories&post=5145"},{"taxonomy":"post_tag","embeddable":true,"href":"https:\/\/www.ecuadoraldia.com.ec\/index.php?rest_route=%2Fwp%2Fv2%2Ftags&post=5145"}],"curies":[{"name":"wp","href":"https:\/\/api.w.org\/{rel}","templated":true}]}}