{"id":5231,"date":"2014-10-03T17:33:15","date_gmt":"2014-10-03T17:33:15","guid":{"rendered":"http:\/\/www.ecuadoraldia.com.ec\/?p=5231"},"modified":"2014-10-03T17:33:15","modified_gmt":"2014-10-03T17:33:15","slug":"rumbo-a-nuestro-vi-congreso-continental","status":"publish","type":"post","link":"https:\/\/www.ecuadoraldia.com.ec\/?p=5231","title":{"rendered":"Rumbo a nuestro VI Congreso Continental"},"content":{"rendered":"<p><a href=\"http:\/\/www.ecuadoraldia.com.ec\/wp-content\/uploads\/2014\/10\/Voz_Campesina__Oficial.jpg\"><img loading=\"lazy\" decoding=\"async\" class=\"alignleft size-full wp-image-5232\" src=\"http:\/\/www.ecuadoraldia.com.ec\/wp-content\/uploads\/2014\/10\/Voz_Campesina__Oficial.jpg\" alt=\"Voz_Campesina__Oficial\" width=\"150\" height=\"236\" \/><\/a>La Coordinadora Latinoamericana de Organizaciones del Campo CLOC-LVC embebida del accionar de nuestras fuerzas organizadas y de las grandes batallas pol\u00edticas que viene dando hace m\u00e1s de 20 a\u00f1os, por construir una nueva sociedad desde nuestras identidades de mujeres y hombres del campo, convocamos a todas las organizaciones miembros con fuerza y m\u00edstica a continuar con fuerza el proceso que nos conducir\u00e1 a la realizaci\u00f3n de nuestro VI Congreso Continental.<\/p>\n<p>Por la Soberan\u00eda Alimentaria sustentada en la concreci\u00f3n de Reformas Agrarias Integrales y Populares para producir los alimentos que nuestros pueblos requieren y que la humanidad necesita para garantizar su desarrollo por las tierras, los territorios y las semillas campesinas e ind\u00edgenas, generadas en una relaci\u00f3n de amor con la naturaleza, con la Madre Tierra, que nos indica los caminos para el Buen Vivir.<\/p>\n<p>\u00a1CONTRA EL SAQUEO DEL CAPITAL Y DEL IMPERIO, AMERICA LUCHA!,<br \/>\n\u00a1POR LA TIERRA Y LA SOBERAN\u00cdA DE NUESTROS PUEBLOS,<br \/>\nAMERICA LUCHA! (Cloc via campesina)<\/p>\n","protected":false},"excerpt":{"rendered":"<p>La Coordinadora Latinoamericana de Organizaciones del Campo CLOC-LVC embebida del accionar de nuestras fuerzas organizadas y de las grandes batallas<\/p>\n","protected":false},"author":1,"featured_media":0,"comment_status":"open","ping_status":"open","sticky":false,"template":"","format":"standard","meta":{"footnotes":""},"categories":[7],"tags":[],"_links":{"self":[{"href":"https:\/\/www.ecuadoraldia.com.ec\/index.php?rest_route=\/wp\/v2\/posts\/5231"}],"collection":[{"href":"https:\/\/www.ecuadoraldia.com.ec\/index.php?rest_route=\/wp\/v2\/posts"}],"about":[{"href":"https:\/\/www.ecuadoraldia.com.ec\/index.php?rest_route=\/wp\/v2\/types\/post"}],"author":[{"embeddable":true,"href":"https:\/\/www.ecuadoraldia.com.ec\/index.php?rest_route=\/wp\/v2\/users\/1"}],"replies":[{"embeddable":true,"href":"https:\/\/www.ecuadoraldia.com.ec\/index.php?rest_route=%2Fwp%2Fv2%2Fcomments&post=5231"}],"version-history":[{"count":1,"href":"https:\/\/www.ecuadoraldia.com.ec\/index.php?rest_route=\/wp\/v2\/posts\/5231\/revisions"}],"predecessor-version":[{"id":5233,"href":"https:\/\/www.ecuadoraldia.com.ec\/index.php?rest_route=\/wp\/v2\/posts\/5231\/revisions\/5233"}],"wp:attachment":[{"href":"https:\/\/www.ecuadoraldia.com.ec\/index.php?rest_route=%2Fwp%2Fv2%2Fmedia&parent=5231"}],"wp:term":[{"taxonomy":"category","embeddable":true,"href":"https:\/\/www.ecuadoraldia.com.ec\/index.php?rest_route=%2Fwp%2Fv2%2Fcategories&post=5231"},{"taxonomy":"post_tag","embeddable":true,"href":"https:\/\/www.ecuadoraldia.com.ec\/index.php?rest_route=%2Fwp%2Fv2%2Ftags&post=5231"}],"curies":[{"name":"wp","href":"https:\/\/api.w.org\/{rel}","templated":true}]}}