{"id":5234,"date":"2014-10-03T17:35:39","date_gmt":"2014-10-03T17:35:39","guid":{"rendered":"http:\/\/www.ecuadoraldia.com.ec\/?p=5234"},"modified":"2014-10-03T17:35:39","modified_gmt":"2014-10-03T17:35:39","slug":"liga-no-es-uno-solo-somos-miles-y-estamos-unidos","status":"publish","type":"post","link":"https:\/\/www.ecuadoraldia.com.ec\/?p=5234","title":{"rendered":"LIGA no es uno solo, somos miles y estamos unidos"},"content":{"rendered":"<p><a href=\"http:\/\/www.ecuadoraldia.com.ec\/wp-content\/uploads\/2014\/10\/esteban-paz.jpg\"><img loading=\"lazy\" decoding=\"async\" class=\"alignleft size-full wp-image-5235\" src=\"http:\/\/www.ecuadoraldia.com.ec\/wp-content\/uploads\/2014\/10\/esteban-paz.jpg\" alt=\"esteban paz\" width=\"269\" height=\"180\" \/><\/a>Esteban Paz y su pronunciamiento ante la sanci\u00f3n de un 1 a\u00f1o por parte de la Comisi\u00f3n Disciplinaria<\/p>\n<p>La Comisi\u00f3n Disciplinaria de la Federaci\u00f3n Ecuatoriana dio a conocer la sanci\u00f3n de un a\u00f1o calendario a Esteban Paz, Presidente de la Comisi\u00f3n de F\u00fatbol de LIGA, por declaraciones realizadas en torno a los derechos de televisi\u00f3n y su manejo por parte de la FEF.<\/p>\n<p>El que nada debe nada teme, LIGA ir\u00e1 a defenderse, analizaremos con todos los Dirigentes c\u00f3mo presentaremos la apelaci\u00f3n y lamentablemente tendremos que vivir un momento desagradable para el f\u00fatbol ecuatoriano porque iremos con la fuerza de una defensa con argumentos a defendernos de esta posici\u00f3n dictatorial de la Federaci\u00f3n Mencion\u00f3 Esteban Paz ante los medios de comunicaci\u00f3n que esperaban un pronunciamiento oficial por parte del Dirigente de LIGA.<\/p>\n<p>Los derechos de televisi\u00f3n han sido uno de los puntos de quiebre entre LIGA y la FEF, un tema que al perecer al Ing. Luis Chiriboga no le gusta debatir ni dar explicaciones. \u00bfPor qu\u00e9 los clubes no podemos conocer la repartici\u00f3n de los recursos econ\u00f3micos que producen los derechos de televisi\u00f3n? \u00bfPor qu\u00e9 no podemos saber cu\u00e1nto recibe cada club por estos derechos? Son los cuestionamientos que se hace Esteban Paz en torno a esta situaci\u00f3n poco clara por parte de la Federaci\u00f3n y sus Dirigentes.<\/p>\n<p>El informe econ\u00f3mico de los gastos al mundial de Brasil 2014, los derechos de televisi\u00f3n, varias sanciones a ex directivos opositores a la gesti\u00f3n del Ing. Luis Chiroboga, la crisis econ\u00f3mica que viven varios equipos, todo eso nos presenta un panorama incierto del f\u00fatbol ecuatoriano.<\/p>\n<p>Es por esto, que los clubes de la Serie A y Serie B han mantenido reuniones entre ellos para buscar una soluci\u00f3n a todos estos problemas, una de ellas, la creaci\u00f3n de la Liga Profesional organizada por los mismos clubes, cosa a lo que se opone rotundamente el Ing. L. Chiriboga.<\/p>\n<p>Todas estas cosas han provocado que algunos dirigentes busquemos alternativas y descongesti\u00f3n dela Federaci\u00f3n para que exista una Liga Profesional de F\u00fatbol. Nos reunimos hace un a\u00f1o ante el llamado de Jaime Estrada (Presidente del Manta) previendo que se avecinaba una crisis, Chiriboga intervino diciendo que no deber\u00edamos tener estas reuniones y que se las deb\u00eda hacer en la Federaci\u00f3n. Coment\u00f3 el Dirigente de LIGA<\/p>\n<p>Al parecer, estar en contra de la Federaci\u00f3n es motivo para sanci\u00f3n, para abrir un expediente y ah\u00ed s\u00ed, utilizar el reglamento, analizar e interpretar cada art\u00edculo para expedir una sanci\u00f3n ejemplarizadora, recordemos al Eduardo Granizo y Francisco Egas, sancionados por la FEF.<\/p>\n<p>Esto se repite con quienes se oponen y critican a Luis Chiriboga, pero que le quede claro, seguir\u00e9 trabajando para LIGA, seguir\u00e9 haciendo lo mismo y hasta m\u00e1s, le guste o no, que tenga claro que LIGA no es Rodrigo Paz, no es Esteban Paz, LIGA somos muchas personas y se va a dar cuenta el poder de LIGA, porque estos \u00faltimos meses ha aglutinado muchas fuerzas de gente que est\u00e1 indignada por c\u00f3mo se est\u00e1 manejando la Federaci\u00f3n. Mencion\u00f3 Esteban Paz.<\/p>\n<p>La Comisi\u00f3n Disciplinaria de la Federaci\u00f3n Ecuatoriano de F\u00fatbol, siendo en este caso, Juez y Parte en contra de Esteban Paz, sanciona al Dirigente del club que m\u00e1s alegr\u00edas internacionales le ha dado al pa\u00eds, con 1 a\u00f1o de suspensi\u00f3n, \u00bfIron\u00edas del f\u00fatbol? Pues s\u00ed, ante dicho castigo impuesto, se pide que Esteban Paz deje de emitir comentario como directivo del club ni que presida reuni\u00f3n alguna con otros dirigentes.<\/p>\n<p>MI Padre, quien fue galardonado por la FIFA y por el mismo Chiriboga como el mejor Dirigente, se dirige a Rodrigo Paz como un \u201cAficionado\u201d como si no tuviese una opini\u00f3n oficial para dirigirse a la gente y estar en discrepancia con la FEF, pues ahora seremos dos \u201cAficionados\u201d que estaremos al frente de LIGA. Expuso E. Paz<\/p>\n<p>El respaldo de la gente, de hinchas de LIGA y de otros equipos, Dirigentes de varios clubes, todos han manifestado su respaldo y apoyo a Esteban Paz en esta cruzada que inicia en busca de que se haga justicia y de que se transparente las acciones de la FEF.<\/p>\n<p>Hay muchos Dirigentes que ya se han comunicado, a todos ellos les agradezco publica y personalmente, la opini\u00f3n p\u00fablica es el eje que me alimenta m\u00e1s y que me permite seguir vivo en esta lucha, porque veo los sentimientos de la gente que yo represento, los buenos somos m\u00e1s y por eso agradezco, me siento respaldado y s\u00e9 que estoy por el buen camino, no busca nada que no sea lo mejor para el f\u00fatbol ecuatoriano. (P\u00e1gina oficial de liga)<\/p>\n","protected":false},"excerpt":{"rendered":"<p>Esteban Paz y su pronunciamiento ante la sanci\u00f3n de un 1 a\u00f1o por parte de la Comisi\u00f3n Disciplinaria La Comisi\u00f3n<\/p>\n","protected":false},"author":1,"featured_media":0,"comment_status":"open","ping_status":"open","sticky":false,"template":"","format":"standard","meta":{"footnotes":""},"categories":[10],"tags":[],"_links":{"self":[{"href":"https:\/\/www.ecuadoraldia.com.ec\/index.php?rest_route=\/wp\/v2\/posts\/5234"}],"collection":[{"href":"https:\/\/www.ecuadoraldia.com.ec\/index.php?rest_route=\/wp\/v2\/posts"}],"about":[{"href":"https:\/\/www.ecuadoraldia.com.ec\/index.php?rest_route=\/wp\/v2\/types\/post"}],"author":[{"embeddable":true,"href":"https:\/\/www.ecuadoraldia.com.ec\/index.php?rest_route=\/wp\/v2\/users\/1"}],"replies":[{"embeddable":true,"href":"https:\/\/www.ecuadoraldia.com.ec\/index.php?rest_route=%2Fwp%2Fv2%2Fcomments&post=5234"}],"version-history":[{"count":1,"href":"https:\/\/www.ecuadoraldia.com.ec\/index.php?rest_route=\/wp\/v2\/posts\/5234\/revisions"}],"predecessor-version":[{"id":5236,"href":"https:\/\/www.ecuadoraldia.com.ec\/index.php?rest_route=\/wp\/v2\/posts\/5234\/revisions\/5236"}],"wp:attachment":[{"href":"https:\/\/www.ecuadoraldia.com.ec\/index.php?rest_route=%2Fwp%2Fv2%2Fmedia&parent=5234"}],"wp:term":[{"taxonomy":"category","embeddable":true,"href":"https:\/\/www.ecuadoraldia.com.ec\/index.php?rest_route=%2Fwp%2Fv2%2Fcategories&post=5234"},{"taxonomy":"post_tag","embeddable":true,"href":"https:\/\/www.ecuadoraldia.com.ec\/index.php?rest_route=%2Fwp%2Fv2%2Ftags&post=5234"}],"curies":[{"name":"wp","href":"https:\/\/api.w.org\/{rel}","templated":true}]}}