{"id":5258,"date":"2014-10-05T17:25:23","date_gmt":"2014-10-05T17:25:23","guid":{"rendered":"http:\/\/www.ecuadoraldia.com.ec\/?p=5258"},"modified":"2014-10-05T17:25:23","modified_gmt":"2014-10-05T17:25:23","slug":"32-de-la-inversion-publica-en-2015-se-destinara-a-los-sectores-estrategicos","status":"publish","type":"post","link":"https:\/\/www.ecuadoraldia.com.ec\/?p=5258","title":{"rendered":"32% de la inversi\u00f3n p\u00fablica en 2015 se destinar\u00e1 a los sectores estrat\u00e9gicos"},"content":{"rendered":"<p><a href=\"http:\/\/www.ecuadoraldia.com.ec\/wp-content\/uploads\/2014\/10\/estrategicos.jpg\"><img loading=\"lazy\" decoding=\"async\" class=\"alignleft size-full wp-image-5259\" src=\"http:\/\/www.ecuadoraldia.com.ec\/wp-content\/uploads\/2014\/10\/estrategicos.jpg\" alt=\"estrategicos\" width=\"273\" height=\"151\" \/><\/a>La meta principal del Ejecutivo en los 3 a\u00f1os que restan en el poder es priorizar la inversi\u00f3n p\u00fablica hasta 2017. Ese fue uno de los anuncios del presidente de la Rep\u00fablica, Rafael Correa, durante el enlace ciudadano 393 realizado en el cant\u00f3n Pangua (Cotopaxi).<\/p>\n<p>\u201cNos quedan menos de 3 a\u00f1os de gobierno, debemos ser eficaces, contundentes. Cuando uno quiere hacer todo al mismo tiempo, se dispersan los esfuerzos. As\u00ed que con la conducci\u00f3n del Presidente se ha dado prioridad a ciertos sectores\u201d, afirm\u00f3 el Jefe de Estado.<\/p>\n<p>En ese marco, detall\u00f3 que de los m\u00e1s de $ 8.000 millones previstos como inversi\u00f3n estatal en 2015, el 32% ($ 2.560 millones) ser\u00e1 para sectores estrat\u00e9gicos; y el 23% ($ 1.840 millones) para producci\u00f3n.<br \/>\nOtro 15% ($ 1.200 millones) se destinar\u00e1 para el desarrollo social; el 13% ($ 1.040 millones) para talento humano; el 9% ($ 720 millones) para otras entidades estatales y el 8% ($ 640 millones) para la seguridad del pa\u00eds.<\/p>\n<p>El Primer Mandatario indic\u00f3 de la necesidad de realizar inversiones en sectores estrat\u00e9gicos, un rubro por el que antes el pa\u00eds ten\u00eda que importar combustible y subsidiarlo para abastecer a las generadoras termoel\u00e9ctricas, que eran negocios privados a cuyos propietarios beneficiaban los gobiernos de turno.<br \/>\nAntes de 2007 se importaba energ\u00eda, es m\u00e1s se destinaban cerca de $ 1.000 millones para este fin, seg\u00fan expres\u00f3 el Jefe de Estado.<\/p>\n<p>Para cambiar aquello, se est\u00e1n construyendo 8 infraestructuras hidroel\u00e9ctricas aprovechando el potencial de Ecuador.<br \/>\nDe esta forma se dotar\u00e1 a la ciudadan\u00eda de electricidad barata y amigable con el ambiente. \u201cNadie ha hecho m\u00e1s en materia energ\u00e9tica: 8 centrales, cocinas de inducci\u00f3n y gasolina Ecopa\u00eds\u201d, agreg\u00f3.<br \/>\nSobre el gasto p\u00fablico, Correa reiter\u00f3 que este componente no es malo en s\u00ed mismo y que incluso la existencia de d\u00e9ficit presupuestarios no son negativos, pues todo depende en qu\u00e9 se invierte y para qu\u00e9 sirve el desbalance entre ingresos y egresos estatales.<\/p>\n<p>Ejemplific\u00f3 con el hecho de que un padre invierta en la compra o construcci\u00f3n de una vivienda para su familia y tenga, por algunos a\u00f1os, mayores egresos que ingresos de dinero.<\/p>\n<p>\u201cEso no es malo, es bueno. Cosa diferente ser\u00eda que el exceso de gasto familiar se utilizara para comprar licor\u201d, apunt\u00f3.<\/p>\n<p>Respecto a los rubros espec\u00edficos a invertir el presupuesto de 2015, el Presidente de la Rep\u00fablica cit\u00f3 algunos casos: en sectores estrat\u00e9gicos se refiri\u00f3 a las ya mencionadas hidroel\u00e9ctricas, a proyectos multiprop\u00f3sito (generaci\u00f3n el\u00e9ctrica, riego, control de inundaciones), el programa de reemplazo del gas por electricidad como combustible en los hogares.<\/p>\n<p>En seguridad se\u00f1al\u00f3 las inversiones que continuar\u00e1n realiz\u00e1ndose en mejorar el sistema de rehabilitaci\u00f3n social del pa\u00eds, en la construcci\u00f3n de unidades de polic\u00eda comunitaria y en la edificaci\u00f3n de viviendas para albergar a las familias de los polic\u00edas que, por su trabajo, son desplazados a puntos distintos de sus lugares de origen.<\/p>\n<p>En el \u00e1rea de desarrollo social mencion\u00f3 infraestructura educativa como las 200 unidades del milenio previstas para 2017.<br \/>\nOtras cifras presentadas fueron la evoluci\u00f3n de la inversi\u00f3n p\u00fablica ecuatoriana. En 2006, antes del gobierno actual, el indicador de inversi\u00f3n lleg\u00f3 al 4,2% con respecto al Producto Interno Bruto (PIB), mientras que la media de Am\u00e9rica Latina y el Caribe fue de 3,5%.<\/p>\n<p>Para 2009, Ecuador alcanz\u00f3 una inversi\u00f3n de 10,7% del PIB, mientras que el promedio latinoamericano fue de 4,3%.<\/p>\n<p>\u201cLa inversi\u00f3n p\u00fablica ha sido un importante motor para el crecimiento y desarrollo del pa\u00eds y para la igualdad de oportunidades. Hay salud al alcance de todos, hay mejor educaci\u00f3n, han sido construidas unidades de polic\u00eda comunitaria (UPC)\u201d, sostuvo Correa.<\/p>\n<p>En 2013 la inversi\u00f3n p\u00fablica fue de 15,6%, casi el triple del promedio latinoamericano con 5,2%<\/p>\n<p>Acuerdo con la Uni\u00f3n Europea<\/p>\n<p>El mandatario Correa habl\u00f3 tambi\u00e9n del acuerdo comercial firmado con la Uni\u00f3n Europea (UE), y volvi\u00f3 a negar que sea un tratado de libre comercio (TLC). Explic\u00f3 que el documento establece, entre otras cosas, que el 60% de la producci\u00f3n agr\u00edcola nacional est\u00e1 excluido del mismo, con el fin de proteger a la econom\u00eda campesina.<\/p>\n<p>Agreg\u00f3 que entre los productos a ser importados de Europa no se incluy\u00f3 a bienes como el arroz, az\u00facar, ma\u00edz, papa, soya, carne de pollo, de cerdo, de res, entre otros.<\/p>\n<p>Explic\u00f3, adem\u00e1s, que en el tema de compras p\u00fablicas, los miembros de la UE no podr\u00e1n participar en procesos relacionados con programas emblem\u00e1ticos del Gobierno que se desarrollan con participaci\u00f3n de la econom\u00eda popular y solidaria, como la colaci\u00f3n escolar, uniformes escolares, textos y otros.<\/p>\n<p>Sectores como el automotriz y de l\u00ednea blanca mantendr\u00e1n por un tiempo aranceles de importaci\u00f3n para proteger a la industria nacional, pero \u201ctendr\u00e1n que competir\u201d despu\u00e9s de unos a\u00f1os, para lo que deber\u00e1n prepararse.<\/p>\n<p>Al respecto, Correa se\u00f1al\u00f3: \u201cTampoco estamos dispuestos a alcahuetear ineficiencias\u201d, y puso como ejemplo que el \u00e1rea de ensamblaje de veh\u00edculos lleva 40 a\u00f1os con un valor agregado nacional de no m\u00e1s de 16% y que \u201cpr\u00e1cticamente todos los elementos se importan\u201d. telegrafo<\/p>\n","protected":false},"excerpt":{"rendered":"<p>La meta principal del Ejecutivo en los 3 a\u00f1os que restan en el poder es priorizar la inversi\u00f3n p\u00fablica hasta<\/p>\n","protected":false},"author":1,"featured_media":0,"comment_status":"open","ping_status":"open","sticky":false,"template":"","format":"standard","meta":{"footnotes":""},"categories":[1],"tags":[],"_links":{"self":[{"href":"https:\/\/www.ecuadoraldia.com.ec\/index.php?rest_route=\/wp\/v2\/posts\/5258"}],"collection":[{"href":"https:\/\/www.ecuadoraldia.com.ec\/index.php?rest_route=\/wp\/v2\/posts"}],"about":[{"href":"https:\/\/www.ecuadoraldia.com.ec\/index.php?rest_route=\/wp\/v2\/types\/post"}],"author":[{"embeddable":true,"href":"https:\/\/www.ecuadoraldia.com.ec\/index.php?rest_route=\/wp\/v2\/users\/1"}],"replies":[{"embeddable":true,"href":"https:\/\/www.ecuadoraldia.com.ec\/index.php?rest_route=%2Fwp%2Fv2%2Fcomments&post=5258"}],"version-history":[{"count":1,"href":"https:\/\/www.ecuadoraldia.com.ec\/index.php?rest_route=\/wp\/v2\/posts\/5258\/revisions"}],"predecessor-version":[{"id":5260,"href":"https:\/\/www.ecuadoraldia.com.ec\/index.php?rest_route=\/wp\/v2\/posts\/5258\/revisions\/5260"}],"wp:attachment":[{"href":"https:\/\/www.ecuadoraldia.com.ec\/index.php?rest_route=%2Fwp%2Fv2%2Fmedia&parent=5258"}],"wp:term":[{"taxonomy":"category","embeddable":true,"href":"https:\/\/www.ecuadoraldia.com.ec\/index.php?rest_route=%2Fwp%2Fv2%2Fcategories&post=5258"},{"taxonomy":"post_tag","embeddable":true,"href":"https:\/\/www.ecuadoraldia.com.ec\/index.php?rest_route=%2Fwp%2Fv2%2Ftags&post=5258"}],"curies":[{"name":"wp","href":"https:\/\/api.w.org\/{rel}","templated":true}]}}