{"id":5267,"date":"2014-10-06T12:44:54","date_gmt":"2014-10-06T12:44:54","guid":{"rendered":"http:\/\/www.ecuadoraldia.com.ec\/?p=5267"},"modified":"2014-10-06T12:44:54","modified_gmt":"2014-10-06T12:44:54","slug":"brasil-la-mayor-democracia-de-america-latina-tendra-segunda-vuelta-presidencial","status":"publish","type":"post","link":"https:\/\/www.ecuadoraldia.com.ec\/?p=5267","title":{"rendered":"Brasil, la mayor democracia de Am\u00e9rica Latina, tendr\u00e1 segunda vuelta presidencial"},"content":{"rendered":"<p><a href=\"http:\/\/www.ecuadoraldia.com.ec\/wp-content\/uploads\/2014\/10\/segunda-brasiol.jpg\"><img loading=\"lazy\" decoding=\"async\" class=\"alignleft size-full wp-image-5268\" src=\"http:\/\/www.ecuadoraldia.com.ec\/wp-content\/uploads\/2014\/10\/segunda-brasiol.jpg\" alt=\"segunda brasiol\" width=\"253\" height=\"207\" \/><\/a>AFP. La presidenta brasile\u00f1a, Dilma Rousseff, fue la m\u00e1s votada en las elecciones de ayer, con 41,39%, y disputar\u00e1 una segunda vuelta con el socialdem\u00f3crata A\u00e9cio Neves (33,78%), tras haberse escrutado el 97,98% del total, seg\u00fan los \u00faltimos datos oficiales.<\/p>\n<p>En tercer lugar qued\u00f3 la ecologista Marina Silva, del Partido Socialista Brasile\u00f1o (PSB), que obtuvo el 21,26% de sufragios tras liderar las encuestas de intenci\u00f3n de voto durante algunas semanas.<br \/>\nComo ninguno de los candidatos obtuvo m\u00e1s de la mitad de los votos, la Presidencia ser\u00e1 definida en una segunda vuelta, prevista para el 26 de octubre entre Rousseff, del Partido de los Trabajadores (PT), y Neves, aspirante por el Partido de la Social Democracia Brasile\u00f1a (PSDB).<\/p>\n<p>El resultado confirm\u00f3 las tendencias anticipadas por los sondeos de intenci\u00f3n de voto divulgados el s\u00e1bado, que mostraban a Rousseff como favorita y a Neves por delante de Marina Silva en la disputa por el segundo lugar.<\/p>\n<p>Silva, que fue la tercera candidata m\u00e1s votada en las elecciones presidenciales de 2010, cuando tambi\u00e9n alcanz\u00f3 cerca del 22% de los votos, lleg\u00f3 a ser se\u00f1alada como la favorita a la Presidencia, poco despu\u00e9s de que el PSB la postul\u00f3 como su candidata en lugar de Eduardo Campos, que muri\u00f3 en un accidente a\u00e9reo el 13 de agosto.<\/p>\n<p>Mientras que Rousseff aspira a un segundo mandato y a elevar a 16 a\u00f1os la hegemon\u00eda del PT en Brasil, Neves intenta recuperar la Presidencia para el PSDB, que gobern\u00f3 Brasil entre 1995 y 2002 con Fernando Henrique Cardoso.<\/p>\n<p>Acompa\u00f1ada del gobernador de Rio Grande do Sul, Tarso Genro, quien busca su reelecci\u00f3n por el Partido de los Trabajadores y aliados, la actual mandataria vot\u00f3 en el colegio electoral Santos Dumont, de Porto Alegre, la capital del territorio.<\/p>\n<p>Vestida de rojo, con una sonrisa amplia y ligera confianza, Rousseff salud\u00f3 primero a sus partidarios y a las c\u00e1maras de televisi\u00f3n. Demor\u00f3 un minuto y medio para realizar su sufragio en el centro de votaci\u00f3n y declar\u00f3 estar lista para un segundo turno electoral.<\/p>\n<p>El postulante A\u00e9cio Neves vot\u00f3 en Belo Horizonte, Minas Gerais, donde se desempe\u00f1\u00f3 como gobernador entre 2003 y 2010. Marina Silva se traslad\u00f3 la v\u00edspera a Rio Branco, la capital del estado de Acre, para votar con su familia.<\/p>\n<p>Al finalizar la jornada, las autoridades reportaron que 55 candidatos y 496 votantes fueron detenidos por diferentes delitos electorales. Otros 209 candidatos y 902 electores fueron fichados y acusados formalmente de irregularidades electorales pero no llegaron a ser enviados a comisar\u00edas, seg\u00fan balance parcial del Tribunal Superior Electoral (TSE).<\/p>\n<p>Un total de 142 millones de brasile\u00f1os, la mayor democracia de Am\u00e9rica Latina, no solo escogi\u00f3 al presidente, sino tambi\u00e9n a 27 gobernadores de los estados y el Distrito Federal de Brasilia. Adem\u00e1s, eligieron a 27 senadores y legisladores estaduales y federales. Muchos brasile\u00f1os burlaron las leyes electorales y se fotografiaron junto a las urnas en el momento del voto.<\/p>\n<p>Un pa\u00eds con bajo desempleo<\/p>\n<p>Seg\u00fan datos del Banco Mundial, el 39,7% del total del PIB de Am\u00e9rica Latina y el Caribe el a\u00f1o pasado fue brasile\u00f1o. Se trata de una de las naciones m\u00e1s influyentes de la regi\u00f3n, no solo por su extensi\u00f3n y densidad poblacional, sino tambi\u00e9n por su peso geopol\u00edtico y econ\u00f3mico.<\/p>\n<p>Es m\u00e1s, de cada $ 10 de bienes y servicios producidos en la regi\u00f3n en 2013, pr\u00e1cticamente 4 surgieron en Brasil. La naci\u00f3n que eligi\u00f3 a los presidenciales y senadores ayer tiene 36 millones de brasile\u00f1os que salieron de la pobreza extrema y que hoy son parte de la clase media.<\/p>\n<p>Esto ocurre desde que el Partido de los Trabajadores (PT) lleg\u00f3 al poder en 2003. Unos 22 millones de personas dejaron de ser pobres durante el mandato de Rousseff, iniciado en 2011.<\/p>\n<p>\u201cUna clave para esa mejora fueron programas sociales como \u2018Bolsa Familia\u2019, que alcanz\u00f3 a 50 millones de brasile\u00f1os de bajos ingresos (un cuarto del total de la poblaci\u00f3n)\u201d, explica la cadena inglesa BBC. Actualmente el desempleo se mantiene en sus m\u00ednimos hist\u00f3ricos, con una tasa del 5% hasta agosto. (AP)<\/p>\n<p>&nbsp;<\/p>\n","protected":false},"excerpt":{"rendered":"<p>AFP. La presidenta brasile\u00f1a, Dilma Rousseff, fue la m\u00e1s votada en las elecciones de ayer, con 41,39%, y disputar\u00e1 una<\/p>\n","protected":false},"author":1,"featured_media":0,"comment_status":"open","ping_status":"open","sticky":false,"template":"","format":"standard","meta":{"footnotes":""},"categories":[7],"tags":[],"_links":{"self":[{"href":"https:\/\/www.ecuadoraldia.com.ec\/index.php?rest_route=\/wp\/v2\/posts\/5267"}],"collection":[{"href":"https:\/\/www.ecuadoraldia.com.ec\/index.php?rest_route=\/wp\/v2\/posts"}],"about":[{"href":"https:\/\/www.ecuadoraldia.com.ec\/index.php?rest_route=\/wp\/v2\/types\/post"}],"author":[{"embeddable":true,"href":"https:\/\/www.ecuadoraldia.com.ec\/index.php?rest_route=\/wp\/v2\/users\/1"}],"replies":[{"embeddable":true,"href":"https:\/\/www.ecuadoraldia.com.ec\/index.php?rest_route=%2Fwp%2Fv2%2Fcomments&post=5267"}],"version-history":[{"count":1,"href":"https:\/\/www.ecuadoraldia.com.ec\/index.php?rest_route=\/wp\/v2\/posts\/5267\/revisions"}],"predecessor-version":[{"id":5269,"href":"https:\/\/www.ecuadoraldia.com.ec\/index.php?rest_route=\/wp\/v2\/posts\/5267\/revisions\/5269"}],"wp:attachment":[{"href":"https:\/\/www.ecuadoraldia.com.ec\/index.php?rest_route=%2Fwp%2Fv2%2Fmedia&parent=5267"}],"wp:term":[{"taxonomy":"category","embeddable":true,"href":"https:\/\/www.ecuadoraldia.com.ec\/index.php?rest_route=%2Fwp%2Fv2%2Fcategories&post=5267"},{"taxonomy":"post_tag","embeddable":true,"href":"https:\/\/www.ecuadoraldia.com.ec\/index.php?rest_route=%2Fwp%2Fv2%2Ftags&post=5267"}],"curies":[{"name":"wp","href":"https:\/\/api.w.org\/{rel}","templated":true}]}}