{"id":5273,"date":"2014-10-06T12:48:41","date_gmt":"2014-10-06T12:48:41","guid":{"rendered":"http:\/\/www.ecuadoraldia.com.ec\/?p=5273"},"modified":"2014-10-06T12:48:41","modified_gmt":"2014-10-06T12:48:41","slug":"la-pobreza-por-ingresos-disminuye-al-256","status":"publish","type":"post","link":"https:\/\/www.ecuadoraldia.com.ec\/?p=5273","title":{"rendered":"La pobreza por ingresos disminuye al 25,6%"},"content":{"rendered":"<p><a href=\"http:\/\/www.ecuadoraldia.com.ec\/wp-content\/uploads\/2014\/10\/pobrezo1.jpg\"><img loading=\"lazy\" decoding=\"async\" class=\"alignleft size-full wp-image-5274\" src=\"http:\/\/www.ecuadoraldia.com.ec\/wp-content\/uploads\/2014\/10\/pobrezo1.jpg\" alt=\"pobrezo\" width=\"288\" height=\"208\" \/><\/a>El pa\u00eds super\u00f3 la meta de reducci\u00f3n de la pobreza medida por ingresos, considerando que en 2013 el objetivo era bajarla al 26,3% y se lleg\u00f3 al 25,6%. Este resultado permite, adem\u00e1s, que la proyecci\u00f3n para el 2017 sea bajar hasta el 20%, inform\u00f3 el presidente Rafael Correa en su \u00faltimo Enlace Ciudadano.<\/p>\n<p>El mandatario revis\u00f3 algunas metas del sector social que se encuentran en el Plan Nacional para el Buen Vivir (PNBV) 2013-2017. Resalt\u00f3 los logros en la erradicaci\u00f3n de la extrema pobreza.<\/p>\n<p>\u201cEl principal indicador de desarrollo y de la calidad de las pol\u00edticas econ\u00f3micas y sociales es la disminuci\u00f3n de la pobreza, sobre todo de la extrema. Hemos superado la meta de 2013 y por primera vez esta se halla en niveles inferiores a los 2 d\u00edgitos (8,6%). Esperamos en 2017 llegar al 3%, porcentaje similar al de Chile, que es el pa\u00eds de desarrollo relativo m\u00e1s alto de Am\u00e9rica Latina\u201d, destac\u00f3 el Presidente.<\/p>\n<p>Correa tambi\u00e9n analiz\u00f3 el \u00e9xito en la reducci\u00f3n de la brecha en los ingresos entre el 10% m\u00e1s rico y el 10% m\u00e1s pobre de la poblaci\u00f3n. La distancia era de 41,7 veces el ingreso al inicio de este Gobierno. Ahora es 24,2 veces. Se espera que esa brecha sea de 20 veces en 2017.<\/p>\n<p>\u201cTodav\u00eda sigue siendo una cifra escandalosa. Cuando yo recib\u00ed el Gobierno, lo que ganaba el 10% de los m\u00e1s ricos era 41,7 veces m\u00e1s de lo que ganaba el 10% m\u00e1s pobre. \u00bfQu\u00e9 significa esto? Que por cada pan que se com\u00eda el m\u00e1s pobre, el m\u00e1s rico se com\u00eda 42. Esa era la desigualdad en el pa\u00eds, ese era el pecado social de Am\u00e9rica Latina\u201d, dijo.<\/p>\n<p>Agreg\u00f3 que est\u00e1 situaci\u00f3n mejor\u00f3, pero todav\u00eda es intolerable. \u201cHemos superado la meta propuesta y por cada pan que se come el m\u00e1s pobre el m\u00e1s rico se come 24\u201d, dijo Correa.<\/p>\n<p>El titular de la Secretar\u00eda Nacional de Planificaci\u00f3n y Desarrollo (Senplades), Pabel Mu\u00f1oz, manifest\u00f3 que es necesario ir m\u00e1s lejos, por lo que las metas del PNBV est\u00e1n en constante revisi\u00f3n por parte del Consejo Nacional de Planificaci\u00f3n, liderado por instituci\u00f3n.<\/p>\n<p>\u201cLa ventaja de nuestra planificaci\u00f3n es que es viva, no se guarda en un anaquel. La vamos midiendo y podemos hacer cambios para ser m\u00e1s agresivos, como vamos a serlo\u201d, se\u00f1al\u00f3 Mu\u00f1oz, quien recalc\u00f3 que el asunto es que el Gobierno ha tomado decisiones importantes dentro de la pol\u00edtica p\u00fablica.<\/p>\n<p>El funcionario asever\u00f3 que \u201cse privilegi\u00f3 el pago de la deuda social a la externa, se realiz\u00f3 una renegociaci\u00f3n de contratos petroleros exitosos, repatriamos capitales que el sector financiero ten\u00eda ociosos afuera y los pusimos al servicio de la producci\u00f3n nacional\u201d.<\/p>\n<p>\u201cSomos el primer pa\u00eds en la regi\u00f3n con mayor reducci\u00f3n de desigualdad y el tercero en reducci\u00f3n de pobreza en el continente. Ecuador le plantea al mundo que el ser humano est\u00e9 sobre el capital, que partamos de la concepci\u00f3n del buen vivir para implementar pol\u00edticas p\u00fablicas que nos lleven a la construcci\u00f3n de una mejor sociedad\u201d, dijo Ana Mar\u00eda Larrea, titular de la Secretar\u00eda T\u00e9cnica del Comit\u00e9 Interinstitucional para la Erradicaci\u00f3n de la Pobreza.<\/p>\n<p>Por otra parte, el presidente Correa destac\u00f3 que otro de los objetivos del Gobierno es reducir la raz\u00f3n de mortalidad materna en 29% hasta 2017. La meta del PNBV es que solo haya 50 muertes por 100 mil nacidos vivos. Correa pidi\u00f3 que \u201cesa meta de 50 muertes de mujeres al dar a luz debe ser m\u00e1s ambiciosa, ya que es alto el n\u00famero de fallecidas. En Alemania solo hay 4,6 muertes\u201d. (El tel\u00e9grafo)<\/p>\n","protected":false},"excerpt":{"rendered":"<p>El pa\u00eds super\u00f3 la meta de reducci\u00f3n de la pobreza medida por ingresos, considerando que en 2013 el objetivo era<\/p>\n","protected":false},"author":1,"featured_media":0,"comment_status":"open","ping_status":"open","sticky":false,"template":"","format":"standard","meta":{"footnotes":""},"categories":[1],"tags":[],"_links":{"self":[{"href":"https:\/\/www.ecuadoraldia.com.ec\/index.php?rest_route=\/wp\/v2\/posts\/5273"}],"collection":[{"href":"https:\/\/www.ecuadoraldia.com.ec\/index.php?rest_route=\/wp\/v2\/posts"}],"about":[{"href":"https:\/\/www.ecuadoraldia.com.ec\/index.php?rest_route=\/wp\/v2\/types\/post"}],"author":[{"embeddable":true,"href":"https:\/\/www.ecuadoraldia.com.ec\/index.php?rest_route=\/wp\/v2\/users\/1"}],"replies":[{"embeddable":true,"href":"https:\/\/www.ecuadoraldia.com.ec\/index.php?rest_route=%2Fwp%2Fv2%2Fcomments&post=5273"}],"version-history":[{"count":1,"href":"https:\/\/www.ecuadoraldia.com.ec\/index.php?rest_route=\/wp\/v2\/posts\/5273\/revisions"}],"predecessor-version":[{"id":5275,"href":"https:\/\/www.ecuadoraldia.com.ec\/index.php?rest_route=\/wp\/v2\/posts\/5273\/revisions\/5275"}],"wp:attachment":[{"href":"https:\/\/www.ecuadoraldia.com.ec\/index.php?rest_route=%2Fwp%2Fv2%2Fmedia&parent=5273"}],"wp:term":[{"taxonomy":"category","embeddable":true,"href":"https:\/\/www.ecuadoraldia.com.ec\/index.php?rest_route=%2Fwp%2Fv2%2Fcategories&post=5273"},{"taxonomy":"post_tag","embeddable":true,"href":"https:\/\/www.ecuadoraldia.com.ec\/index.php?rest_route=%2Fwp%2Fv2%2Ftags&post=5273"}],"curies":[{"name":"wp","href":"https:\/\/api.w.org\/{rel}","templated":true}]}}