{"id":5339,"date":"2014-10-10T19:41:39","date_gmt":"2014-10-10T19:41:39","guid":{"rendered":"http:\/\/www.ecuadoraldia.com.ec\/?p=5339"},"modified":"2014-10-10T19:41:39","modified_gmt":"2014-10-10T19:41:39","slug":"concejo-aprobo-ordenanza-reformatoria-de-regularizacion-de-transporte-terrestre","status":"publish","type":"post","link":"https:\/\/www.ecuadoraldia.com.ec\/?p=5339","title":{"rendered":"Concejo  aprob\u00f3 Ordenanza reformatoria de regularizaci\u00f3n de transporte terrestre"},"content":{"rendered":"<p><a href=\"http:\/\/www.ecuadoraldia.com.ec\/wp-content\/uploads\/2014\/10\/muni.jpg\"><img loading=\"lazy\" decoding=\"async\" class=\"alignleft size-medium wp-image-5340\" src=\"http:\/\/www.ecuadoraldia.com.ec\/wp-content\/uploads\/2014\/10\/muni-300x153.jpg\" alt=\"muni\" width=\"300\" height=\"153\" srcset=\"https:\/\/www.ecuadoraldia.com.ec\/wp-content\/uploads\/2014\/10\/muni-300x153.jpg 300w, https:\/\/www.ecuadoraldia.com.ec\/wp-content\/uploads\/2014\/10\/muni.jpg 390w\" sizes=\"(max-width: 300px) 100vw, 300px\" \/><\/a>El Concejo Metropolitano de Quito, en sesi\u00f3n ordinaria celebrada esta ma\u00f1ana, aprob\u00f3 en segundo debate la Ordenanza Metropolitana Reformatoria de la Ordenanza Metropolitana # 279 sancionada el 7 de septiembre de 2012, por la cual se establece el proceso de regularizaci\u00f3n del servicio de transporte comercial escolar e institucional en el Distrito Metropolitano de Quito.<\/p>\n<p>\u201cQuiero congratularme por la aprobaci\u00f3n en este Concejo Metropolitano de esta Ordenanza de tanta importancia y connotaci\u00f3n social. El sector del transporte escolar en Quito cumple una funci\u00f3n social sustancial para garantizar la seguridad de miles de ni\u00f1os y j\u00f3venes; estamos contentos de realizar una contribuci\u00f3n significativa para la seguridad jur\u00eddica y el desarrollo de sus actividades en condiciones adecuadas, como la ciudad se merece\u201d, indic\u00f3 el alcalde Mauricio Rodas.<\/p>\n<p>consejo20141009 4bcab<br \/>\nCon la aprobaci\u00f3n de esta Ordenanza Reformatoria, luego de cumplir el proceso a trav\u00e9s de la Secretaria de Movilidad y Agencia Metropolitana de Tr\u00e1nsito, conforme la base de datos existente, las unidades que prestan este servicio en el Distrito ser\u00e1n regularizadas, para esto se han adoptado medidas de car\u00e1cter administrativo y operativo para evitar que la base de datos sufra alteraci\u00f3n.<\/p>\n<p>Este proceso es cerrado, pero las verificaciones determinar\u00e1n quienes cumplen con los requisitos legales, es un proceso de car\u00e1cter administrativo que se coordina desde la Comisi\u00f3n de Movilidad del Concejo, pero ser\u00e1 la Secretaria de Movilidad y la Agencia quienes realicen la inspecci\u00f3n y verificaci\u00f3n para culminar con la regularizaci\u00f3n. (DMQ)<\/p>\n","protected":false},"excerpt":{"rendered":"<p>El Concejo Metropolitano de Quito, en sesi\u00f3n ordinaria celebrada esta ma\u00f1ana, aprob\u00f3 en segundo debate la Ordenanza Metropolitana Reformatoria de<\/p>\n","protected":false},"author":1,"featured_media":0,"comment_status":"open","ping_status":"open","sticky":false,"template":"","format":"standard","meta":{"footnotes":""},"categories":[14],"tags":[],"_links":{"self":[{"href":"https:\/\/www.ecuadoraldia.com.ec\/index.php?rest_route=\/wp\/v2\/posts\/5339"}],"collection":[{"href":"https:\/\/www.ecuadoraldia.com.ec\/index.php?rest_route=\/wp\/v2\/posts"}],"about":[{"href":"https:\/\/www.ecuadoraldia.com.ec\/index.php?rest_route=\/wp\/v2\/types\/post"}],"author":[{"embeddable":true,"href":"https:\/\/www.ecuadoraldia.com.ec\/index.php?rest_route=\/wp\/v2\/users\/1"}],"replies":[{"embeddable":true,"href":"https:\/\/www.ecuadoraldia.com.ec\/index.php?rest_route=%2Fwp%2Fv2%2Fcomments&post=5339"}],"version-history":[{"count":1,"href":"https:\/\/www.ecuadoraldia.com.ec\/index.php?rest_route=\/wp\/v2\/posts\/5339\/revisions"}],"predecessor-version":[{"id":5341,"href":"https:\/\/www.ecuadoraldia.com.ec\/index.php?rest_route=\/wp\/v2\/posts\/5339\/revisions\/5341"}],"wp:attachment":[{"href":"https:\/\/www.ecuadoraldia.com.ec\/index.php?rest_route=%2Fwp%2Fv2%2Fmedia&parent=5339"}],"wp:term":[{"taxonomy":"category","embeddable":true,"href":"https:\/\/www.ecuadoraldia.com.ec\/index.php?rest_route=%2Fwp%2Fv2%2Fcategories&post=5339"},{"taxonomy":"post_tag","embeddable":true,"href":"https:\/\/www.ecuadoraldia.com.ec\/index.php?rest_route=%2Fwp%2Fv2%2Ftags&post=5339"}],"curies":[{"name":"wp","href":"https:\/\/api.w.org\/{rel}","templated":true}]}}