{"id":5342,"date":"2014-10-10T19:43:16","date_gmt":"2014-10-10T19:43:16","guid":{"rendered":"http:\/\/www.ecuadoraldia.com.ec\/?p=5342"},"modified":"2014-10-10T19:43:16","modified_gmt":"2014-10-10T19:43:16","slug":"esteban-paz-asegura-que-canessa-es-potencial-candidato-a-dirigir-la-ecufutbol","status":"publish","type":"post","link":"https:\/\/www.ecuadoraldia.com.ec\/?p=5342","title":{"rendered":"Esteban Paz, asegura que  Canessa es potencial candidato a dirigir la Ecuf\u00fatbol"},"content":{"rendered":"<p><a href=\"http:\/\/www.ecuadoraldia.com.ec\/wp-content\/uploads\/2014\/10\/canesa.jpg\"><img loading=\"lazy\" decoding=\"async\" class=\"alignleft  wp-image-5343\" src=\"http:\/\/www.ecuadoraldia.com.ec\/wp-content\/uploads\/2014\/10\/canesa-300x153.jpg\" alt=\"canesa\" width=\"218\" height=\"111\" srcset=\"https:\/\/www.ecuadoraldia.com.ec\/wp-content\/uploads\/2014\/10\/canesa-300x153.jpg 300w, https:\/\/www.ecuadoraldia.com.ec\/wp-content\/uploads\/2014\/10\/canesa.jpg 390w\" sizes=\"(max-width: 218px) 100vw, 218px\" \/><\/a>Para el dirigente de Liga de Quito, Esteban Paz, quien fue suspendido por un a\u00f1o por la Federaci\u00f3n Ecuatoriana de F\u00fatbol (FEF) por supuestas injurias al titular del organismo Luis Chiriboga, el presidente de River Plate Ecuador, Mario Canessa, es un firme candidato a dirigir el m\u00e1ximo ente del f\u00fatbol nacional.<\/p>\n<p>\u00abHablamos con \u00e9l (Mario Canessa), obviamente no ha tomado una determinaci\u00f3n, le comunicamos que tiene el perfil y el liderazgo suficiente como para poder ser un gran candidato. Obviamente \u00e9l tiene derecho de saber si eso le interesa, si es parte de sus objetivos, ahora deber\u00e1 tener un comp\u00e1s de espera\u00bb, indic\u00f3 el dirigente de Liga sobre la posible candidatura de Canessa a la presidencia de la FEF.<\/p>\n<p>Ante eso Canessa asegur\u00f3 que no temer\u00eda en afrontar una eventual competencia con Chiriboga.<\/p>\n<p>Sobre un expediente que se ha pedido abrir en su contra, el dirigente asegur\u00f3 que hace un mes se dio el cotejo por el que ahora lo quieren sancionar.<\/p>\n<p>La Asociaci\u00f3n de \u00c1rbitros pidi\u00f3 a la FEF abrir un expediente contra Canessa por unas declaraciones en contra del arbitraje del encuentro entre River y Deportivo Quevedo (por la serie B),<\/p>\n<p>\u201cEl partido se jug\u00f3 hace un mes y me lo sacan ahora. Dicen que no es pol\u00edtico y voy a hacerme de la vista gorda. Se deb\u00edan jugar ocho minutos m\u00ednimo porque aparte de todos los cambios, hubo una paralizaci\u00f3n para hidrataci\u00f3n de los jugadores y dio s\u00f3lo dos minutos\u201d, dijo Canessa en una entrevista a Radio F\u00fatbol FM de Quito.<\/p>\n<p>El presidente de River Plate Ecuador manifest\u00f3 que prefiere no pensar en que ese expediente tenga relaci\u00f3n con la candidatura que han promocionado desde Quito.<\/p>\n<p>\u201cSi es as\u00ed el prop\u00f3sito (impedir que se postule a la presidencia de la FEF), pues que utilicen el mecanismo para sacarme, pero espero que no sea as\u00ed. Presentaron la solicitud hace tres semanas y esperaron cuatro semanas para decir \u2018ahora s\u00ed l\u00e9aselo\u2019. Ser\u00eda terrible si es as\u00ed, se vulnerar\u00eda el gran derecho que tenemos todos de ser candidatos. Creer\u00eda que no es as\u00ed, siendo un posible candidato, que ni siquiera lo he tomado en cuenta. Eso s\u00ed, he dicho que si en alg\u00fan momento dado debo hacerlo, lo voy a hacer\u201d. (ANDES)<\/p>\n","protected":false},"excerpt":{"rendered":"<p>Para el dirigente de Liga de Quito, Esteban Paz, quien fue suspendido por un a\u00f1o por la Federaci\u00f3n Ecuatoriana de<\/p>\n","protected":false},"author":1,"featured_media":0,"comment_status":"open","ping_status":"open","sticky":false,"template":"","format":"standard","meta":{"footnotes":""},"categories":[10],"tags":[],"_links":{"self":[{"href":"https:\/\/www.ecuadoraldia.com.ec\/index.php?rest_route=\/wp\/v2\/posts\/5342"}],"collection":[{"href":"https:\/\/www.ecuadoraldia.com.ec\/index.php?rest_route=\/wp\/v2\/posts"}],"about":[{"href":"https:\/\/www.ecuadoraldia.com.ec\/index.php?rest_route=\/wp\/v2\/types\/post"}],"author":[{"embeddable":true,"href":"https:\/\/www.ecuadoraldia.com.ec\/index.php?rest_route=\/wp\/v2\/users\/1"}],"replies":[{"embeddable":true,"href":"https:\/\/www.ecuadoraldia.com.ec\/index.php?rest_route=%2Fwp%2Fv2%2Fcomments&post=5342"}],"version-history":[{"count":1,"href":"https:\/\/www.ecuadoraldia.com.ec\/index.php?rest_route=\/wp\/v2\/posts\/5342\/revisions"}],"predecessor-version":[{"id":5344,"href":"https:\/\/www.ecuadoraldia.com.ec\/index.php?rest_route=\/wp\/v2\/posts\/5342\/revisions\/5344"}],"wp:attachment":[{"href":"https:\/\/www.ecuadoraldia.com.ec\/index.php?rest_route=%2Fwp%2Fv2%2Fmedia&parent=5342"}],"wp:term":[{"taxonomy":"category","embeddable":true,"href":"https:\/\/www.ecuadoraldia.com.ec\/index.php?rest_route=%2Fwp%2Fv2%2Fcategories&post=5342"},{"taxonomy":"post_tag","embeddable":true,"href":"https:\/\/www.ecuadoraldia.com.ec\/index.php?rest_route=%2Fwp%2Fv2%2Ftags&post=5342"}],"curies":[{"name":"wp","href":"https:\/\/api.w.org\/{rel}","templated":true}]}}