{"id":5345,"date":"2014-10-10T19:44:58","date_gmt":"2014-10-10T19:44:58","guid":{"rendered":"http:\/\/www.ecuadoraldia.com.ec\/?p=5345"},"modified":"2014-10-10T19:44:58","modified_gmt":"2014-10-10T19:44:58","slug":"empieza-a-regir-cobro-de-42-dolares-para-envios-desde-el-exterior-en-sistema-4x4","status":"publish","type":"post","link":"https:\/\/www.ecuadoraldia.com.ec\/?p=5345","title":{"rendered":"Empieza a regir cobro de 42 d\u00f3lares para env\u00edos desde el exterior en sistema 4\u00d74"},"content":{"rendered":"<p><a href=\"http:\/\/www.ecuadoraldia.com.ec\/wp-content\/uploads\/2014\/10\/4x4.jpg\"><img loading=\"lazy\" decoding=\"async\" class=\"alignleft  wp-image-5346\" src=\"http:\/\/www.ecuadoraldia.com.ec\/wp-content\/uploads\/2014\/10\/4x4-300x136.jpg\" alt=\"4x4\" width=\"251\" height=\"114\" srcset=\"https:\/\/www.ecuadoraldia.com.ec\/wp-content\/uploads\/2014\/10\/4x4-300x136.jpg 300w, https:\/\/www.ecuadoraldia.com.ec\/wp-content\/uploads\/2014\/10\/4x4.jpg 580w\" sizes=\"(max-width: 251px) 100vw, 251px\" \/><\/a>Quito, 9 oct (Andes).- Quienes realizan compras en el exterior por internet para recibirlas en Ecuador o los migrantes que env\u00eden encomiendas al pa\u00eds que no cumplan requisitos de exoneraci\u00f3n bajo la modalidad 4\u00d74, v\u00eda courier, deber\u00e1n pagar desde este jueves una tasa de 42 d\u00f3lares.<\/p>\n<p>Hasta ahora las compras on-line y los env\u00edos que realizaban los migrantes<br \/>\necuatorianos a sus familiares en Ecuador que no superaban los 4 kilogramos o los 400 d\u00f3lares de valor (4\u00d74), a trav\u00e9s del correo r\u00e1pido (courier) estaban exentos de pagar impuestos, pero las autoridades advirtieron que esa ventaja fue aprovechada por personas que alentaron el minicontrabando.<\/p>\n<p>Por ello, el Comit\u00e9 de Comercio Exterior (Comex) decidi\u00f3 el cobro de la tasa y nuevas disposiciones para este tipo de env\u00edos mediante una resoluci\u00f3n que fue publicada en agosto en el Registro Oficial.<\/p>\n<p>La decisi\u00f3n del organismo exonera a los migrantes ecuatorianos, quienes tendr\u00e1n un l\u00edmite de 12 env\u00edos o un cupo de 2.400 d\u00f3lares al a\u00f1o para enviar art\u00edculos sin fines comerciales al pa\u00eds. Para obtener ese beneficio, los residentes en el exterior deben registrarse en el sistema deConsulado Virtual.<\/p>\n<p>Adem\u00e1s, la resoluci\u00f3n del Comex contempla un l\u00edmite de cinco paquetes para los usuarios que compren productos en el exterior y deseen importarlos bajo la modalidad del sistema 4\u00d74.<\/p>\n<p>De acuerdo con la resoluci\u00f3n, los env\u00edos de medicinas, elementos de uso m\u00e9dico, libros y documentos seguir\u00e1n sin pagar impuestos. (Agencia de Noticias Andes)<\/p>\n","protected":false},"excerpt":{"rendered":"<p>Quito, 9 oct (Andes).- Quienes realizan compras en el exterior por internet para recibirlas en Ecuador o los migrantes que<\/p>\n","protected":false},"author":1,"featured_media":0,"comment_status":"open","ping_status":"open","sticky":false,"template":"","format":"standard","meta":{"footnotes":""},"categories":[9,1],"tags":[],"_links":{"self":[{"href":"https:\/\/www.ecuadoraldia.com.ec\/index.php?rest_route=\/wp\/v2\/posts\/5345"}],"collection":[{"href":"https:\/\/www.ecuadoraldia.com.ec\/index.php?rest_route=\/wp\/v2\/posts"}],"about":[{"href":"https:\/\/www.ecuadoraldia.com.ec\/index.php?rest_route=\/wp\/v2\/types\/post"}],"author":[{"embeddable":true,"href":"https:\/\/www.ecuadoraldia.com.ec\/index.php?rest_route=\/wp\/v2\/users\/1"}],"replies":[{"embeddable":true,"href":"https:\/\/www.ecuadoraldia.com.ec\/index.php?rest_route=%2Fwp%2Fv2%2Fcomments&post=5345"}],"version-history":[{"count":1,"href":"https:\/\/www.ecuadoraldia.com.ec\/index.php?rest_route=\/wp\/v2\/posts\/5345\/revisions"}],"predecessor-version":[{"id":5347,"href":"https:\/\/www.ecuadoraldia.com.ec\/index.php?rest_route=\/wp\/v2\/posts\/5345\/revisions\/5347"}],"wp:attachment":[{"href":"https:\/\/www.ecuadoraldia.com.ec\/index.php?rest_route=%2Fwp%2Fv2%2Fmedia&parent=5345"}],"wp:term":[{"taxonomy":"category","embeddable":true,"href":"https:\/\/www.ecuadoraldia.com.ec\/index.php?rest_route=%2Fwp%2Fv2%2Fcategories&post=5345"},{"taxonomy":"post_tag","embeddable":true,"href":"https:\/\/www.ecuadoraldia.com.ec\/index.php?rest_route=%2Fwp%2Fv2%2Ftags&post=5345"}],"curies":[{"name":"wp","href":"https:\/\/api.w.org\/{rel}","templated":true}]}}