{"id":5450,"date":"2014-10-21T20:34:54","date_gmt":"2014-10-21T20:34:54","guid":{"rendered":"http:\/\/www.ecuadoraldia.com.ec\/?p=5450"},"modified":"2014-10-21T20:34:54","modified_gmt":"2014-10-21T20:34:54","slug":"ecuador-rechaza-informe-de-human-rights-watch-sobre-uso-de-la-fuerza-en-protesta-de-septiembre","status":"publish","type":"post","link":"https:\/\/www.ecuadoraldia.com.ec\/?p=5450","title":{"rendered":"Ecuador rechaza informe de Human Rights Watch sobre uso de la fuerza en protesta de septiembre"},"content":{"rendered":"<p><a href=\"http:\/\/www.ecuadoraldia.com.ec\/wp-content\/uploads\/2014\/10\/serranoandes.jpg\"><img loading=\"lazy\" decoding=\"async\" class=\"alignleft size-full wp-image-5451\" src=\"http:\/\/www.ecuadoraldia.com.ec\/wp-content\/uploads\/2014\/10\/serranoandes.jpg\" alt=\"serranoandes\" width=\"240\" height=\"250\" \/><\/a>El informe emitido por Human Rights Watch (HRW) sobre un supuesto uso excesivo de la fuerza policial y violaciones al debido proceso durante las manifestaciones a mediados de septiembre es \u00abmentiroso\u00bb y contiene \u00abuna serie de manipulaciones\u00bb, declar\u00f3 este martes el ministro del Interior, Jos\u00e9 Serrano.<\/p>\n<p>\u00abLo que hace ah\u00ed es (emitir) una serie de mentiras, manipulaciones sobre los derechos humanos\u00bb, se\u00f1al\u00f3 el funcionario en referencia a una nota publicada la v\u00edspera por Human Rights Watch titulada: \u00abEcuador: Embestida policial durante protestas\u00bb.<\/p>\n<p>En ella la organizaci\u00f3n, con sede en Estados Unidos, y su director Jos\u00e9 Miguel Vivanco sostienen que en las protestas del 17 y 18 de septiembre hubo \u00abfuerza excesiva, violaciones del debido proceso y restricciones a libertad de expresi\u00f3n\u00bb.<\/p>\n<p>\u00abNo s\u00e9 este se\u00f1or Vivanco en qu\u00e9 realidad vive\u00bb, se\u00f1al\u00f3 Serrano en una entrevista en el canal Gama Tv, mostrando im\u00e1genes en las que se observan ataques de decenas de j\u00f3venes a la Polic\u00eda.<\/p>\n<p>\u00ab\u00bfUna minor\u00eda de estudiantes reaccionaron en forma agresiva? (dice HRW) Pero si les vemos a absolutamente todos lanzando piedras, palos, escupitajos, insultos (a polic\u00edas). Hay un tumulto, una masa de agresores que permanentemente est\u00e1n atentando contra la integridad de nuestros polic\u00edas\u00bb en una protesta en la que \u00abpor primera vez en la historia la polic\u00eda nacional cuide el orden p\u00fablico sin lanzar bombas lacrim\u00f3genas\u00bb, indic\u00f3.<\/p>\n<p>Vivanco \u00abpresenta un informe mentiroso, apartado de la verdad\u00bb, recalc\u00f3, al tiempo de recordar que la organizaci\u00f3n muestra una \u00abl\u00f3gica permanente, sistem\u00e1tica, para agredirle al pa\u00eds\u00bb y a otras naciones como Bolivia, Venezuela y Nicaragua.<\/p>\n<p>Serrano explic\u00f3 que en el operativo desplegado por las manifestaciones actuaron 2.600 polic\u00edas, de ellos \u00abtres estar\u00edan inmersos\u00bb en hechos de violencia y \u00abest\u00e1n siendo investigados. Habr\u00e1 sanciones\u00bb.<\/p>\n<p>\u00abEste se\u00f1or (Vivanco) tiene el descaro y el cinismo de se\u00f1alar a nuestro pa\u00eds como que nosotros ocultamos los hechos que pudieran estar de manera aislada produci\u00e9ndose dentro de la fuerza p\u00fablica, esto es realmente inconcebible\u00bb, manifest\u00f3 Serrano. Record\u00f3 el hecho de que el gobierno separa a polic\u00edas que de manera aislada act\u00faan al margen de la ley. Un ejemplo de ello fue la desvinculaci\u00f3n el lunes del un coronel de Polic\u00eda por presuntamente estar ligado a delitos de narcotr\u00e1fico.<\/p>\n<p>La publicaci\u00f3n de HRW menciona que \u00abdecenas de detenidos sufrieron graves abusos f\u00edsicos, incluidas violentas golpizas, puntapi\u00e9s y descargas el\u00e9ctricas, al ser arrestados y durante su detenci\u00f3n\u00bb.<\/p>\n<p>\u00abTodos fueron revisados m\u00e9dicamente, se les dijo que ten\u00edan alg\u00fan tipo de escoriaci\u00f3n en las rodillas, en el codo, en la cara, pero de ah\u00ed ya a hablar de que ha habido una tortura &#8230;\u00bb, respondi\u00f3 Serrano.<\/p>\n<p>El ministro tambi\u00e9n adelant\u00f3 que presentar\u00e1 una demanda contra uno de los abogados de los estudiantes que denunci\u00f3 actos de \u00abtortura\u00bb por parte de la polic\u00eda. \u00abTendr\u00e1 que probar lo que dijo\u00bb, se\u00f1al\u00f3.<\/p>\n<p>En las protestas de 17 y 18 de septiembre estudiantes, ind\u00edgenas y organizaciones sindicales se manifestaron contra reformas del gobierno en el \u00e1mbito laboral, entre otros temas. La concentraci\u00f3n termin\u00f3 en hechos de violencia cuando manifestantes destruyeron zonas de la ciudad con el objetivo de conseguir piedras, palos y otros objetos para lanzarlos a la Polic\u00eda.<\/p>\n<p>El mismo 17, miles de personas se concentraron para expresar su respaldo al gobierno del presidente Rafael Correa. (ANDES)<\/p>\n","protected":false},"excerpt":{"rendered":"<p>El informe emitido por Human Rights Watch (HRW) sobre un supuesto uso excesivo de la fuerza policial y violaciones al<\/p>\n","protected":false},"author":1,"featured_media":0,"comment_status":"open","ping_status":"open","sticky":false,"template":"","format":"standard","meta":{"footnotes":""},"categories":[1],"tags":[],"_links":{"self":[{"href":"https:\/\/www.ecuadoraldia.com.ec\/index.php?rest_route=\/wp\/v2\/posts\/5450"}],"collection":[{"href":"https:\/\/www.ecuadoraldia.com.ec\/index.php?rest_route=\/wp\/v2\/posts"}],"about":[{"href":"https:\/\/www.ecuadoraldia.com.ec\/index.php?rest_route=\/wp\/v2\/types\/post"}],"author":[{"embeddable":true,"href":"https:\/\/www.ecuadoraldia.com.ec\/index.php?rest_route=\/wp\/v2\/users\/1"}],"replies":[{"embeddable":true,"href":"https:\/\/www.ecuadoraldia.com.ec\/index.php?rest_route=%2Fwp%2Fv2%2Fcomments&post=5450"}],"version-history":[{"count":1,"href":"https:\/\/www.ecuadoraldia.com.ec\/index.php?rest_route=\/wp\/v2\/posts\/5450\/revisions"}],"predecessor-version":[{"id":5452,"href":"https:\/\/www.ecuadoraldia.com.ec\/index.php?rest_route=\/wp\/v2\/posts\/5450\/revisions\/5452"}],"wp:attachment":[{"href":"https:\/\/www.ecuadoraldia.com.ec\/index.php?rest_route=%2Fwp%2Fv2%2Fmedia&parent=5450"}],"wp:term":[{"taxonomy":"category","embeddable":true,"href":"https:\/\/www.ecuadoraldia.com.ec\/index.php?rest_route=%2Fwp%2Fv2%2Fcategories&post=5450"},{"taxonomy":"post_tag","embeddable":true,"href":"https:\/\/www.ecuadoraldia.com.ec\/index.php?rest_route=%2Fwp%2Fv2%2Ftags&post=5450"}],"curies":[{"name":"wp","href":"https:\/\/api.w.org\/{rel}","templated":true}]}}