{"id":5454,"date":"2014-10-21T20:36:08","date_gmt":"2014-10-21T20:36:08","guid":{"rendered":"http:\/\/www.ecuadoraldia.com.ec\/?p=5454"},"modified":"2014-10-21T20:36:08","modified_gmt":"2014-10-21T20:36:08","slug":"presidente-de-ecuador-arriba-a-catar-en-visita-oficial","status":"publish","type":"post","link":"https:\/\/www.ecuadoraldia.com.ec\/?p=5454","title":{"rendered":"Presidente de Ecuador arriba a Catar en visita oficial"},"content":{"rendered":"<p><a href=\"http:\/\/www.ecuadoraldia.com.ec\/wp-content\/uploads\/2014\/10\/correacatarpresidencia.jpg\"><img loading=\"lazy\" decoding=\"async\" class=\"alignleft size-full wp-image-5455\" src=\"http:\/\/www.ecuadoraldia.com.ec\/wp-content\/uploads\/2014\/10\/correacatarpresidencia.jpg\" alt=\"correacatarpresidencia\" width=\"290\" height=\"177\" \/><\/a>El presidente de Ecuador, Rafael Correa, arrib\u00f3 la tarde de este martes a Doha, Catar, en su primera visita de Estado al emirato \u00e1rabe, que tiene como objetivo promover inversiones y el desarrollo tecnol\u00f3gico.<\/p>\n<p>El mandatario arrib\u00f3 pasadas las 18:00 (hora local), pero no se permiti\u00f3 el acceso a la prensa al hangar del Emir, situado a un costado del aeropuerto internacional de Doha.<\/p>\n<p>Antes de su viaje, Correa afirm\u00f3 que Ecuador le presentar\u00e1 al estado \u00e1rabe un paquete de proyectos de inversiones, megaproyectos y proyectos estrat\u00e9gicos de industrias b\u00e1sicas y tur\u00edsticas, para expandir las relaciones.<\/p>\n<p>Asimismo, revel\u00f3 \u2013seg\u00fan el peri\u00f3dico El Ciudadano- que Catar est\u00e1 interesado en acercarse e invertir en Ecuador y en estrechar relaciones bilaterales. \u201cLa relaci\u00f3n entre ambos pa\u00edses est\u00e1n en gran nivel\u201d, asegur\u00f3.<\/p>\n<p>Acompa\u00f1an al mandatario, los ministros de Comercio Exterior, Francisco Rivadeneira; Sectores Estrat\u00e9gicos, Rafael Poveda; de Talento Humano, Guillaume Long; de Relaciones Exteriores, Ricardo Pati\u00f1o; el titular de la Secretar\u00eda Nacional de Ciencia, Tecnolog\u00eda e Innovaci\u00f3n, Ren\u00e9 Ram\u00edrez, entre otros funcionarios.<\/p>\n<p>La agenda oficial del gobernante sudamericano iniciar\u00e1 el mi\u00e9rcoles con un saludo oficial de las delegaciones ministeriales de ambos pa\u00edses en el Palacio Amiri Diwan. Posteriormente, Correa tendr\u00e1 una audiencia con el emir de Catar, Tamin bin Hamad Al Thani. El jeque es el actual emir luego de la abdicaci\u00f3n de su padre, Hamad bin Jalifa Al Tani, quien en febrero de 2013 visit\u00f3 al jefe de Estado ecuatoriano en Quito.<\/p>\n<p>En la noche del martes, el presidente ecuatoriano asistir\u00e1 a una cena ofrecida por la Asociaci\u00f3n de Hombres de Negocios de Catar y la embajada del pa\u00eds andino en el emirato.<\/p>\n<p>La agenda continuar\u00e1 el jueves d\u00eda en el que est\u00e1 prevista una reuni\u00f3n con la jequeza Mozha bint Nasser Al Missned, una visita a Catar Foundation y al Parque Tecnol\u00f3gico de la ciudad.<\/p>\n<p>Relaci\u00f3n bilateral<\/p>\n<p>El 20 de junio de 1975 se estableci\u00f3 la relaci\u00f3n diplom\u00e1tica entre Ecuador y Catar. Los dos pa\u00edses participan en la Organizaci\u00f3n de Pa\u00edses Exportadores de Petr\u00f3leo (OPEP) y en el mecanismo de Integraci\u00f3n Interregional Am\u00e9rica del Sur \u2013 Pa\u00edses \u00c1rabes (ASPA).<\/p>\n<p>El 15 de enero de 2012, se abri\u00f3 la embajada del Ecuador en el emirato. El embajador Kabalan Abisaab Neme est\u00e1 al frente de la misi\u00f3n diplom\u00e1tica.<\/p>\n<p>El 31 de octubre de 2012 se oficializ\u00f3 la apertura de la embajada de Catar en Quito.<\/p>\n<p>El 29 de octubre de 2013, el embajador Hasan Bin Ibrahim Abdulrahman Al Malki present\u00f3 cartas credenciales que lo acreditan como embajador Extraordinario y Plenipotenciario de Catar ante el gobierno del Ecuador.<\/p>\n<p>Visitas oficiales<\/p>\n<p>El 20 y 21 de marzo de 2011 el canciller ecuatoriano, Ricardo Pati\u00f1o, en el marco de su gira por Medio Oriente, visit\u00f3 Catar.<\/p>\n<p>Del 27 al 31 de mayo de 2012, una delegaci\u00f3n conformada por el entonces ministro de Sectores Estrat\u00e9gicos, Jorge Glas (actual vicepresidente); el Ministro de Desarrollo Urbano y Vivienda, Pedro Jaramillo; y otros representantes de diferentes ministerios e instituciones gubernamentales visitaron el pa\u00eds \u00e1rabe.<\/p>\n<p>Del 6 al 11 de abril de 2013, el entonces Ministro de Turismo, Freddy Ehlers, visit\u00f3 Catar y Emiratos \u00c1rabes Unidos para la promoci\u00f3n de proyectos de inversi\u00f3n y cooperaci\u00f3n en el \u00e1mbito tur\u00edstico. (ANDES)<\/p>\n<p>&nbsp;<\/p>\n<p>&nbsp;<\/p>\n<p>&nbsp;<\/p>\n","protected":false},"excerpt":{"rendered":"<p>El presidente de Ecuador, Rafael Correa, arrib\u00f3 la tarde de este martes a Doha, Catar, en su primera visita de<\/p>\n","protected":false},"author":1,"featured_media":0,"comment_status":"open","ping_status":"open","sticky":false,"template":"","format":"standard","meta":{"footnotes":""},"categories":[1],"tags":[],"_links":{"self":[{"href":"https:\/\/www.ecuadoraldia.com.ec\/index.php?rest_route=\/wp\/v2\/posts\/5454"}],"collection":[{"href":"https:\/\/www.ecuadoraldia.com.ec\/index.php?rest_route=\/wp\/v2\/posts"}],"about":[{"href":"https:\/\/www.ecuadoraldia.com.ec\/index.php?rest_route=\/wp\/v2\/types\/post"}],"author":[{"embeddable":true,"href":"https:\/\/www.ecuadoraldia.com.ec\/index.php?rest_route=\/wp\/v2\/users\/1"}],"replies":[{"embeddable":true,"href":"https:\/\/www.ecuadoraldia.com.ec\/index.php?rest_route=%2Fwp%2Fv2%2Fcomments&post=5454"}],"version-history":[{"count":1,"href":"https:\/\/www.ecuadoraldia.com.ec\/index.php?rest_route=\/wp\/v2\/posts\/5454\/revisions"}],"predecessor-version":[{"id":5456,"href":"https:\/\/www.ecuadoraldia.com.ec\/index.php?rest_route=\/wp\/v2\/posts\/5454\/revisions\/5456"}],"wp:attachment":[{"href":"https:\/\/www.ecuadoraldia.com.ec\/index.php?rest_route=%2Fwp%2Fv2%2Fmedia&parent=5454"}],"wp:term":[{"taxonomy":"category","embeddable":true,"href":"https:\/\/www.ecuadoraldia.com.ec\/index.php?rest_route=%2Fwp%2Fv2%2Fcategories&post=5454"},{"taxonomy":"post_tag","embeddable":true,"href":"https:\/\/www.ecuadoraldia.com.ec\/index.php?rest_route=%2Fwp%2Fv2%2Ftags&post=5454"}],"curies":[{"name":"wp","href":"https:\/\/api.w.org\/{rel}","templated":true}]}}