{"id":5457,"date":"2014-10-21T20:45:20","date_gmt":"2014-10-21T20:45:20","guid":{"rendered":"http:\/\/www.ecuadoraldia.com.ec\/?p=5457"},"modified":"2014-10-21T20:46:21","modified_gmt":"2014-10-21T20:46:21","slug":"cumbre-mundial-por-las-artes-por-la-paz-y-la-vida","status":"publish","type":"post","link":"https:\/\/www.ecuadoraldia.com.ec\/?p=5457","title":{"rendered":"Cumbre Mundial de las artes por la \u00abPaz y la Vida\u00bb"},"content":{"rendered":"<p><a href=\"http:\/\/www.ecuadoraldia.com.ec\/wp-content\/uploads\/2014\/10\/Afiche.jpg\"><img loading=\"lazy\" decoding=\"async\" class=\"alignleft size-medium wp-image-5458\" src=\"http:\/\/www.ecuadoraldia.com.ec\/wp-content\/uploads\/2014\/10\/Afiche-216x300.jpg\" alt=\"Afiche\" width=\"216\" height=\"300\" srcset=\"https:\/\/www.ecuadoraldia.com.ec\/wp-content\/uploads\/2014\/10\/Afiche-216x300.jpg 216w, https:\/\/www.ecuadoraldia.com.ec\/wp-content\/uploads\/2014\/10\/Afiche.jpg 250w\" sizes=\"(max-width: 216px) 100vw, 216px\" \/><\/a>Este 31 de octubre de 2014 (viernes), desde las 17:30 horas, en la ciudad de Quito, se realizar\u00e1 el Pre Lanzamiento de la \u201cPrimera Cumbre Mundial de las Artes por la Paz y la Vida\u201d en la Universidad Polit\u00e9cnica Salesiana. La corporaci\u00f3n INTI AMARU, con el prop\u00f3sito de la realizaci\u00f3n de la Cumbre Mundial de las Artes, ha elaborado un cronograma de actividades MENSUALES denominado: \u201cRituales de la Luna Llena por la Paz y la Vida\u201d. Los Rituales de la Luna Llena est\u00e1n planificados para los d\u00edas 20 de cada mes, empezando en noviembre de 2014, hasta concluir en agosto de 2015 en la Cumbre Mundial.<\/p>\n<p>Los ciudadanos del mundo sensibles ante los atropellos, la falta de respeto a los tratados internacionales, las invasiones, los genocidios por parte de las potencias econ\u00f3micas y de las organizaciones mundiales supuestamente creadas para la paz luego del genocidio nazi; y ante lo provocado por Israel en este 2014, que reprodujo el genocidio con m\u00e1s sa\u00f1a poniendo a todo medio oriente en conflicto. AFIRMAMOS: \u00a1No al intervencionismo! \u00a1Basta ya de masacres! Con estos antecedentes nace la \u201cCUMBRE MUNDIAL DE LAS ARTES POR LA PAZ\u201d en la mitad del mundo. Cumbre a la que se integran los ciudadanos universales y las organizaciones sociales de alrededor de 47 pa\u00edses por la paz, el respeto al ser humano y a la Pacha Mama.<\/p>\n<p>En vista de la emergencia que se vive en el planeta por causa de la acumulaci\u00f3n de problemas no resueltos a tiempo por las organizaciones mundiales y gobiernos de turno del mundo a causa de generar guerras injustas y una producci\u00f3n de anarqu\u00eda y desastres que desmoronan, debilitan hasta la fortaleza espiritual del ser humano.<\/p>\n<p>Consideramos que es fundamental la elaboraci\u00f3n de una agenda mundial urgente para palear los problemas m\u00e1s graves que tenemos a la vista y que se avecinan progresivamente atentando contra la vida no solo del ser humano sino de la Pacha Mama. Para el cumplimiento de nuestras acciones hemos determinado como principales Objetivos, los siguientes:<br \/>\n*Concienciar acerca del respeto a los valores humanos y los beneficios de cultivar la paz en el mundo, en base a los saberes ancestrales y de todos los seres que poblamos el planeta tierra.<\/p>\n<p>*Re conceptualizar el LEMA: \u201cpor la paz y por el desarme de las guerras\u201d, con nuestras manifestaciones art\u00edsticas y culturales.<\/p>\n<p>*Plasmar un manifiesto en pro y defensa de la paz del mundo con la intervenci\u00f3n de todos los delegados de los pa\u00edses que participar\u00e1n en la Cumbre Mundial.<\/p>\n<p>*Conformar una comisi\u00f3n que se mantenga vigilante de todo cuanto sea publicado acerca de los puntos acordados en el manifiesto.<\/p>\n<p>*Elaboraci\u00f3n de actos culturales por la paz, en base de los derechos fundamentales que nos permitir\u00e1n la continuidad de la armon\u00eda de la vida entre hermanos de todo el planeta.<\/p>\n<p>*Reflexionar que las guerras en el planeta son el peor de los azotes que tiene la humanidad, por la consecuencia del abuso indiscriminado de armamentos nucleares, qu\u00edmicos biol\u00f3gicos y otros. Por lo cual es necesario el desplazamiento de grandes masas humanas y teniendo por consecuencia la contaminaci\u00f3n y destrucci\u00f3n del planeta, y por ende la voluntad del ser humano, incluidas las manifestaciones espirituales. Teniendo por consecuencia, las acciones nefastas sufridas en todos los tiempo de guerras.<\/p>\n<p>&nbsp;<\/p>\n<p>&nbsp;<\/p>\n<p>&nbsp;<\/p>\n<p>&nbsp;<\/p>\n<p>&nbsp;<\/p>\n","protected":false},"excerpt":{"rendered":"<p>Este 31 de octubre de 2014 (viernes), desde las 17:30 horas, en la ciudad de Quito, se realizar\u00e1 el Pre<\/p>\n","protected":false},"author":1,"featured_media":0,"comment_status":"open","ping_status":"open","sticky":false,"template":"","format":"standard","meta":{"footnotes":""},"categories":[4],"tags":[],"_links":{"self":[{"href":"https:\/\/www.ecuadoraldia.com.ec\/index.php?rest_route=\/wp\/v2\/posts\/5457"}],"collection":[{"href":"https:\/\/www.ecuadoraldia.com.ec\/index.php?rest_route=\/wp\/v2\/posts"}],"about":[{"href":"https:\/\/www.ecuadoraldia.com.ec\/index.php?rest_route=\/wp\/v2\/types\/post"}],"author":[{"embeddable":true,"href":"https:\/\/www.ecuadoraldia.com.ec\/index.php?rest_route=\/wp\/v2\/users\/1"}],"replies":[{"embeddable":true,"href":"https:\/\/www.ecuadoraldia.com.ec\/index.php?rest_route=%2Fwp%2Fv2%2Fcomments&post=5457"}],"version-history":[{"count":2,"href":"https:\/\/www.ecuadoraldia.com.ec\/index.php?rest_route=\/wp\/v2\/posts\/5457\/revisions"}],"predecessor-version":[{"id":5460,"href":"https:\/\/www.ecuadoraldia.com.ec\/index.php?rest_route=\/wp\/v2\/posts\/5457\/revisions\/5460"}],"wp:attachment":[{"href":"https:\/\/www.ecuadoraldia.com.ec\/index.php?rest_route=%2Fwp%2Fv2%2Fmedia&parent=5457"}],"wp:term":[{"taxonomy":"category","embeddable":true,"href":"https:\/\/www.ecuadoraldia.com.ec\/index.php?rest_route=%2Fwp%2Fv2%2Fcategories&post=5457"},{"taxonomy":"post_tag","embeddable":true,"href":"https:\/\/www.ecuadoraldia.com.ec\/index.php?rest_route=%2Fwp%2Fv2%2Ftags&post=5457"}],"curies":[{"name":"wp","href":"https:\/\/api.w.org\/{rel}","templated":true}]}}