{"id":5467,"date":"2014-10-22T12:59:44","date_gmt":"2014-10-22T12:59:44","guid":{"rendered":"http:\/\/www.ecuadoraldia.com.ec\/?p=5467"},"modified":"2014-10-22T12:59:44","modified_gmt":"2014-10-22T12:59:44","slug":"cordicom-prepara-norma-sobre-defensores","status":"publish","type":"post","link":"https:\/\/www.ecuadoraldia.com.ec\/?p=5467","title":{"rendered":"Cordicom prepara norma sobre defensores"},"content":{"rendered":"<p><a href=\"http:\/\/www.ecuadoraldia.com.ec\/wp-content\/uploads\/2014\/10\/cordicom_.jpg\"><img loading=\"lazy\" decoding=\"async\" class=\"alignleft size-full wp-image-5468\" src=\"http:\/\/www.ecuadoraldia.com.ec\/wp-content\/uploads\/2014\/10\/cordicom_.jpg\" alt=\"cordicom_\" width=\"255\" height=\"168\" \/><\/a>El presidente del Consejo de Regulaci\u00f3n y Desarrollo de la Informaci\u00f3n y la Comunicaci\u00f3n (Cordicom), Patricio Barriga, anunci\u00f3 que el organismo prepara un reglamento para el funcionamiento de los defensores de audiencias y del lector.<\/p>\n<p>Este cargo, creado por la Ley de Comunicaci\u00f3n, empezar\u00e1 a funcionar desde enero de 2015, luego de que el Consejo de Participaci\u00f3n Ciudadana y Control Social (Cpccs) termine un concurso de m\u00e9ritos y oposici\u00f3n.<\/p>\n<p>El reglamento del Cordicom, que actualmente est\u00e1 en construcci\u00f3n probablemente ser\u00e1 analizado la pr\u00f3xima semana. Barriga adelant\u00f3 que la norma regular\u00e1 la situaci\u00f3n laboral.<\/p>\n<p>En un conversatorio informal con directivos de medios de comunicaci\u00f3n, en Guayaquil, Barriga explic\u00f3 que el defensor ser\u00e1 un mediador y que su trabajo ser\u00e1 sobre lo publicado o transmitido.<\/p>\n<p>Descart\u00f3 que vaya a ser un esp\u00eda trabajando en las redacciones, como han asegurado detractores de la Ley de Comunicaci\u00f3n.<\/p>\n<p>Su trabajo ser\u00e1 establecer puentes entre los periodistas y la ciudadan\u00eda frente a eventuales quejas de estos \u00faltimos, explic\u00f3 Barriga.<\/p>\n<p>El funcionario reiter\u00f3 su predisposici\u00f3n a escuchar a todos los sectores involucrados en la Ley de Comunicaci\u00f3n, en ese sentido cont\u00f3 que durante el a\u00f1o y m\u00e1s de funciones ha mantenido al menos 2.000 reuniones de trabajo sobre diversa \u00edndole.<\/p>\n<p>En las citas participaron al menos 10.000 personas, entre ellas periodistas, directivos de medios, artistas, publicistas, grupos de atenci\u00f3n prioritaria, entre otros, inform\u00f3 Barriga. (El tel\u00e9grafo)<\/p>\n","protected":false},"excerpt":{"rendered":"<p>El presidente del Consejo de Regulaci\u00f3n y Desarrollo de la Informaci\u00f3n y la Comunicaci\u00f3n (Cordicom), Patricio Barriga, anunci\u00f3 que el<\/p>\n","protected":false},"author":1,"featured_media":0,"comment_status":"open","ping_status":"open","sticky":false,"template":"","format":"standard","meta":{"footnotes":""},"categories":[3],"tags":[],"_links":{"self":[{"href":"https:\/\/www.ecuadoraldia.com.ec\/index.php?rest_route=\/wp\/v2\/posts\/5467"}],"collection":[{"href":"https:\/\/www.ecuadoraldia.com.ec\/index.php?rest_route=\/wp\/v2\/posts"}],"about":[{"href":"https:\/\/www.ecuadoraldia.com.ec\/index.php?rest_route=\/wp\/v2\/types\/post"}],"author":[{"embeddable":true,"href":"https:\/\/www.ecuadoraldia.com.ec\/index.php?rest_route=\/wp\/v2\/users\/1"}],"replies":[{"embeddable":true,"href":"https:\/\/www.ecuadoraldia.com.ec\/index.php?rest_route=%2Fwp%2Fv2%2Fcomments&post=5467"}],"version-history":[{"count":1,"href":"https:\/\/www.ecuadoraldia.com.ec\/index.php?rest_route=\/wp\/v2\/posts\/5467\/revisions"}],"predecessor-version":[{"id":5469,"href":"https:\/\/www.ecuadoraldia.com.ec\/index.php?rest_route=\/wp\/v2\/posts\/5467\/revisions\/5469"}],"wp:attachment":[{"href":"https:\/\/www.ecuadoraldia.com.ec\/index.php?rest_route=%2Fwp%2Fv2%2Fmedia&parent=5467"}],"wp:term":[{"taxonomy":"category","embeddable":true,"href":"https:\/\/www.ecuadoraldia.com.ec\/index.php?rest_route=%2Fwp%2Fv2%2Fcategories&post=5467"},{"taxonomy":"post_tag","embeddable":true,"href":"https:\/\/www.ecuadoraldia.com.ec\/index.php?rest_route=%2Fwp%2Fv2%2Ftags&post=5467"}],"curies":[{"name":"wp","href":"https:\/\/api.w.org\/{rel}","templated":true}]}}