{"id":5470,"date":"2014-10-22T13:00:46","date_gmt":"2014-10-22T13:00:46","guid":{"rendered":"http:\/\/www.ecuadoraldia.com.ec\/?p=5470"},"modified":"2014-10-22T13:00:46","modified_gmt":"2014-10-22T13:00:46","slug":"gobierno-ecuatoriano-repotencia-la-seguridad-social-campesina-mejorando-los-sistemas-de-salud-y-las-pensiones-jubilares","status":"publish","type":"post","link":"https:\/\/www.ecuadoraldia.com.ec\/?p=5470","title":{"rendered":"Gobierno ecuatoriano repotencia la seguridad social campesina mejorando los sistemas de salud y las pensiones jubilares"},"content":{"rendered":"<figure id=\"attachment_5471\" aria-describedby=\"caption-attachment-5471\" style=\"width: 300px\" class=\"wp-caption alignleft\"><a href=\"http:\/\/www.ecuadoraldia.com.ec\/wp-content\/uploads\/2014\/10\/100_8435.jpg\"><img loading=\"lazy\" decoding=\"async\" class=\"size-full wp-image-5471\" src=\"http:\/\/www.ecuadoraldia.com.ec\/wp-content\/uploads\/2014\/10\/100_8435.jpg\" alt=\"foto internet\" width=\"300\" height=\"225\" \/><\/a><figcaption id=\"caption-attachment-5471\" class=\"wp-caption-text\">foto internet<\/figcaption><\/figure>\n<p>Un convenio suscrito entre el Ministerio de Salud (MSP) y el Seguro Social Campesino permitir\u00e1 remodelar los centros de atenci\u00f3n para los afiliados en Ecuador, con un presupuesto de 55 millones de d\u00f3lares.<\/p>\n<p>Seg\u00fan informaci\u00f3n entregada por el MSP, en el pa\u00eds existen 657 dispensarios y este acuerdo permitir\u00e1 repotenciar al menos 160 centros de salud. En reiteradas ocasiones el presidente ecuatoriano Rafael Correa ha reiterado la importancia de mejorar los servicios de salud en las \u00e1reas rurales del pa\u00eds.<\/p>\n<p>Por ejemplo, durante el Encuentro Intercultural del Seguro Social Campesino que se desarroll\u00f3 en Manab\u00ed el pasado 29 de agosto, el mandatario izquierdista record\u00f3 que antes de su gobierno un solo m\u00e9dico atend\u00eda en tres dispensarios, mientras que en la actualidad estos centros m\u00e9dicos cuentan con alta tecnolog\u00eda y profesionales especializados. Asimismo, tienen servicios de ginecolog\u00eda y pediatr\u00eda.<\/p>\n<p>El director del Seguro Social Campesino, Fausto Dut\u00e1n, recalc\u00f3 que se desarrolla un trabajo mancomunado con el gobierno para efectuar cambios integrales, como la restructuraci\u00f3n del sistema de salud y el incremento de las pensiones jubilares.<\/p>\n<p>En este sentido, estas pensiones contributivas tambi\u00e9n se incrementar\u00e1n para unos 12.000 jubilados del Seguro Social Campesino que recibir\u00e1n 57 d\u00f3lares, aumentando el beneficio casi en 20 veces, pues su pensi\u00f3n era de apenas tres d\u00f3lares.<\/p>\n<p>El presidente Correa ha sido enf\u00e1tico en que no deber\u00eda existir diferenciaci\u00f3n entre un seguro social campesino y un seguro social \u201cnormal\u201d, pues este criterio deber\u00eda unificarse.<\/p>\n<p>\u201cTenemos las pensiones jubilares m\u00e1s altas de la regi\u00f3n andina, pero en el sector rural esas pensiones son ocho veces menos. Eso es discrimen, eso es exclusi\u00f3n \u201c, resalt\u00f3.<\/p>\n<p>Actualmente existe 1,1 millones de afiliados a la seguridad social campesina. (ANDES)<\/p>\n","protected":false},"excerpt":{"rendered":"<p>Un convenio suscrito entre el Ministerio de Salud (MSP) y el Seguro Social Campesino permitir\u00e1 remodelar los centros de atenci\u00f3n<\/p>\n","protected":false},"author":1,"featured_media":0,"comment_status":"open","ping_status":"open","sticky":false,"template":"","format":"standard","meta":{"footnotes":""},"categories":[11],"tags":[],"_links":{"self":[{"href":"https:\/\/www.ecuadoraldia.com.ec\/index.php?rest_route=\/wp\/v2\/posts\/5470"}],"collection":[{"href":"https:\/\/www.ecuadoraldia.com.ec\/index.php?rest_route=\/wp\/v2\/posts"}],"about":[{"href":"https:\/\/www.ecuadoraldia.com.ec\/index.php?rest_route=\/wp\/v2\/types\/post"}],"author":[{"embeddable":true,"href":"https:\/\/www.ecuadoraldia.com.ec\/index.php?rest_route=\/wp\/v2\/users\/1"}],"replies":[{"embeddable":true,"href":"https:\/\/www.ecuadoraldia.com.ec\/index.php?rest_route=%2Fwp%2Fv2%2Fcomments&post=5470"}],"version-history":[{"count":1,"href":"https:\/\/www.ecuadoraldia.com.ec\/index.php?rest_route=\/wp\/v2\/posts\/5470\/revisions"}],"predecessor-version":[{"id":5472,"href":"https:\/\/www.ecuadoraldia.com.ec\/index.php?rest_route=\/wp\/v2\/posts\/5470\/revisions\/5472"}],"wp:attachment":[{"href":"https:\/\/www.ecuadoraldia.com.ec\/index.php?rest_route=%2Fwp%2Fv2%2Fmedia&parent=5470"}],"wp:term":[{"taxonomy":"category","embeddable":true,"href":"https:\/\/www.ecuadoraldia.com.ec\/index.php?rest_route=%2Fwp%2Fv2%2Fcategories&post=5470"},{"taxonomy":"post_tag","embeddable":true,"href":"https:\/\/www.ecuadoraldia.com.ec\/index.php?rest_route=%2Fwp%2Fv2%2Ftags&post=5470"}],"curies":[{"name":"wp","href":"https:\/\/api.w.org\/{rel}","templated":true}]}}