{"id":5583,"date":"2014-10-29T00:27:17","date_gmt":"2014-10-29T00:27:17","guid":{"rendered":"http:\/\/www.ecuadoraldia.com.ec\/?p=5583"},"modified":"2014-10-29T00:27:17","modified_gmt":"2014-10-29T00:27:17","slug":"corte-constitucional-debatira-manana-paquete-de-reformas-entregadas-por-ap","status":"publish","type":"post","link":"https:\/\/www.ecuadoraldia.com.ec\/?p=5583","title":{"rendered":"Corte Constitucional debatir\u00e1 ma\u00f1ana paquete de reformas entregadas por AP"},"content":{"rendered":"<p><a href=\"http:\/\/www.ecuadoraldia.com.ec\/wp-content\/uploads\/2014\/10\/cc.png\"><img loading=\"lazy\" decoding=\"async\" class=\"alignleft size-medium wp-image-5584\" src=\"http:\/\/www.ecuadoraldia.com.ec\/wp-content\/uploads\/2014\/10\/cc-300x175.png\" alt=\"cc\" width=\"300\" height=\"175\" srcset=\"https:\/\/www.ecuadoraldia.com.ec\/wp-content\/uploads\/2014\/10\/cc-300x175.png 300w, https:\/\/www.ecuadoraldia.com.ec\/wp-content\/uploads\/2014\/10\/cc.png 377w\" sizes=\"(max-width: 300px) 100vw, 300px\" \/><\/a>Desde este martes, los nueve magistrados de la Corte Constitucional tienen en sus manos el informe de la jueza Wendy Molina sobre el camino a seguir para reformar la Constituci\u00f3n del 2008 y que puede ser de enmienda o de reforma (esta \u00faltima requiere de una consulta popular o refer\u00e9ndum).<\/p>\n<p>La entrega del informe a los jueces de la CC se cumpli\u00f3 esta ma\u00f1ana y coincide con los plazos que maneja el movimiento de Gobierno Alianza PAIS, para cumplir con las aspiraciones de una reelecci\u00f3n indefinida del presidente Rafael Correa, adem\u00e1s de la definici\u00f3n de la informaci\u00f3n como servicio p\u00fablico, cambios en la Contralor\u00eda y los Gobiernos Aut\u00f3nomos Descentralizados.<\/p>\n<p>Seg\u00fan la convocatoria p\u00fablica de la Corte Constitucional, el tema de la reforma constitucional consta en el punto 5.2 del orden del d\u00eda; tambi\u00e9n se incluye, en el punto 5.5 , el an\u00e1lisis de un pedido de dictamen de constitucionalidad de una pregunta que servir\u00e1 para la instalaci\u00f3n de una Asamblea Constituyente de plenos poderes, para que elabore y debata una nueva Constituci\u00f3n.<\/p>\n<p>No se descarta que el pr\u00f3ximo jueves exista una resoluci\u00f3n del caso.<\/p>\n<p>La presidenta de la Asamblea Nacional, Gabriela Rivadeneira, adelant\u00f3 hoy que la CC tiene hasta diciembre de 2015 para pronunciarse sobre el paquete de enmiendas por lo que espera su pronunciamiento para conformar una comisi\u00f3n especial que analice la resoluci\u00f3n y la haga conocer en el pleno del Legislativo para el primer debate.(El Universo)<\/p>\n","protected":false},"excerpt":{"rendered":"<p>Desde este martes, los nueve magistrados de la Corte Constitucional tienen en sus manos el informe de la jueza Wendy<\/p>\n","protected":false},"author":1,"featured_media":0,"comment_status":"open","ping_status":"open","sticky":false,"template":"","format":"standard","meta":{"footnotes":""},"categories":[1],"tags":[],"_links":{"self":[{"href":"https:\/\/www.ecuadoraldia.com.ec\/index.php?rest_route=\/wp\/v2\/posts\/5583"}],"collection":[{"href":"https:\/\/www.ecuadoraldia.com.ec\/index.php?rest_route=\/wp\/v2\/posts"}],"about":[{"href":"https:\/\/www.ecuadoraldia.com.ec\/index.php?rest_route=\/wp\/v2\/types\/post"}],"author":[{"embeddable":true,"href":"https:\/\/www.ecuadoraldia.com.ec\/index.php?rest_route=\/wp\/v2\/users\/1"}],"replies":[{"embeddable":true,"href":"https:\/\/www.ecuadoraldia.com.ec\/index.php?rest_route=%2Fwp%2Fv2%2Fcomments&post=5583"}],"version-history":[{"count":1,"href":"https:\/\/www.ecuadoraldia.com.ec\/index.php?rest_route=\/wp\/v2\/posts\/5583\/revisions"}],"predecessor-version":[{"id":5585,"href":"https:\/\/www.ecuadoraldia.com.ec\/index.php?rest_route=\/wp\/v2\/posts\/5583\/revisions\/5585"}],"wp:attachment":[{"href":"https:\/\/www.ecuadoraldia.com.ec\/index.php?rest_route=%2Fwp%2Fv2%2Fmedia&parent=5583"}],"wp:term":[{"taxonomy":"category","embeddable":true,"href":"https:\/\/www.ecuadoraldia.com.ec\/index.php?rest_route=%2Fwp%2Fv2%2Fcategories&post=5583"},{"taxonomy":"post_tag","embeddable":true,"href":"https:\/\/www.ecuadoraldia.com.ec\/index.php?rest_route=%2Fwp%2Fv2%2Ftags&post=5583"}],"curies":[{"name":"wp","href":"https:\/\/api.w.org\/{rel}","templated":true}]}}