{"id":5586,"date":"2014-10-29T20:04:21","date_gmt":"2014-10-29T20:04:21","guid":{"rendered":"http:\/\/www.ecuadoraldia.com.ec\/?p=5586"},"modified":"2014-10-29T20:08:51","modified_gmt":"2014-10-29T20:08:51","slug":"5586","status":"publish","type":"post","link":"https:\/\/www.ecuadoraldia.com.ec\/?p=5586","title":{"rendered":"Dos carriles de la v\u00eda Oyacoto Guayllabamba  se abrieron al tr\u00e1nsito desde hoy"},"content":{"rendered":"<p><a href=\"http:\/\/www.ecuadoraldia.com.ec\/wp-content\/uploads\/2014\/10\/oyacoto.jpg\"><img loading=\"lazy\" decoding=\"async\" class=\"alignleft size-medium wp-image-5590\" src=\"http:\/\/www.ecuadoraldia.com.ec\/wp-content\/uploads\/2014\/10\/oyacoto-300x196.jpg\" alt=\"oyacoto\" width=\"300\" height=\"196\" srcset=\"https:\/\/www.ecuadoraldia.com.ec\/wp-content\/uploads\/2014\/10\/oyacoto-300x196.jpg 300w, https:\/\/www.ecuadoraldia.com.ec\/wp-content\/uploads\/2014\/10\/oyacoto.jpg 450w\" sizes=\"(max-width: 300px) 100vw, 300px\" \/><\/a>La apertura de la v\u00eda Guayllabamba-Oyacoto da esperanzas de reactivaci\u00f3n econ\u00f3mica a los moradores de Guayllabamba, luego del cierre de 2 meses en la ruta por los movimientos tel\u00faricos que afectaron la zona.<\/p>\n<p>Sin embargo, consideran que el impacto se medir\u00e1 en el feriado de este fin de semana.<\/p>\n<p>En la zona est\u00e1n abiertos 2 carriles del tramo Guayllabamba-Oyacoto, desde las 05:00 hasta las 20:00.<\/p>\n<p>Las autoridades de transporte tienen planificado realizar una variante en el puente de Guayllabamba, ser\u00eda una v\u00eda paralela para el sentido norte-sur.<\/p>\n<p>Esta ma\u00f1ana no hubo congesti\u00f3n vehicular. A las 05:55 hubo mayor afluencia de carros que circularon por la v\u00eda.<\/p>\n<p>Los usuarios de la v\u00eda se\u00f1alaron que la apertura de la ruta represent\u00f3 disminuci\u00f3n del tr\u00e1nsito. Llegar hasta Quito desde Guayllabamba, por la ruta Quinche-Pifo, tomaba de 1 hora y media a 2; ahora por esta v\u00eda les tom\u00f3 20 minutos.<\/p>\n<p>Yolanda Castro tiene una tienda en la v\u00eda principal de Guayllabamba y se\u00f1al\u00f3 que las ventas se redujeron sustancialmente. Incluso dijo que tuvo que rechazar nuevos productos de los proveedores de enlatados y gaseosas.<\/p>\n<p>Castro manifest\u00f3 que su hija trabaja por el sector del Parque del Recuerdo (norte de Quito) y para llegar a su empleo a las 07:00 ten\u00eda que madrugar a las 04:00.<\/p>\n<p>Juan Manuel Carri\u00f3n, director del zool\u00f3gico, espera que las cosas vuelvan a la normalidad, luego del feriado. Sostiene que las campa\u00f1as del Gobierno y Municipio ayudaron a que la crisis no sea tan severa en el lugar. (El Tel\u00e9grafo)<\/p>\n","protected":false},"excerpt":{"rendered":"<p>La apertura de la v\u00eda Guayllabamba-Oyacoto da esperanzas de reactivaci\u00f3n econ\u00f3mica a los moradores de Guayllabamba, luego del cierre de<\/p>\n","protected":false},"author":1,"featured_media":0,"comment_status":"open","ping_status":"open","sticky":false,"template":"","format":"standard","meta":{"footnotes":""},"categories":[1],"tags":[],"_links":{"self":[{"href":"https:\/\/www.ecuadoraldia.com.ec\/index.php?rest_route=\/wp\/v2\/posts\/5586"}],"collection":[{"href":"https:\/\/www.ecuadoraldia.com.ec\/index.php?rest_route=\/wp\/v2\/posts"}],"about":[{"href":"https:\/\/www.ecuadoraldia.com.ec\/index.php?rest_route=\/wp\/v2\/types\/post"}],"author":[{"embeddable":true,"href":"https:\/\/www.ecuadoraldia.com.ec\/index.php?rest_route=\/wp\/v2\/users\/1"}],"replies":[{"embeddable":true,"href":"https:\/\/www.ecuadoraldia.com.ec\/index.php?rest_route=%2Fwp%2Fv2%2Fcomments&post=5586"}],"version-history":[{"count":4,"href":"https:\/\/www.ecuadoraldia.com.ec\/index.php?rest_route=\/wp\/v2\/posts\/5586\/revisions"}],"predecessor-version":[{"id":5591,"href":"https:\/\/www.ecuadoraldia.com.ec\/index.php?rest_route=\/wp\/v2\/posts\/5586\/revisions\/5591"}],"wp:attachment":[{"href":"https:\/\/www.ecuadoraldia.com.ec\/index.php?rest_route=%2Fwp%2Fv2%2Fmedia&parent=5586"}],"wp:term":[{"taxonomy":"category","embeddable":true,"href":"https:\/\/www.ecuadoraldia.com.ec\/index.php?rest_route=%2Fwp%2Fv2%2Fcategories&post=5586"},{"taxonomy":"post_tag","embeddable":true,"href":"https:\/\/www.ecuadoraldia.com.ec\/index.php?rest_route=%2Fwp%2Fv2%2Ftags&post=5586"}],"curies":[{"name":"wp","href":"https:\/\/api.w.org\/{rel}","templated":true}]}}