{"id":5592,"date":"2014-10-29T20:12:27","date_gmt":"2014-10-29T20:12:27","guid":{"rendered":"http:\/\/www.ecuadoraldia.com.ec\/?p=5592"},"modified":"2014-10-29T20:12:27","modified_gmt":"2014-10-29T20:12:27","slug":"comision-de-gobiernos-autonomos-aprobo-reformas-a-la-ley-de-telecomunicaciones","status":"publish","type":"post","link":"https:\/\/www.ecuadoraldia.com.ec\/?p=5592","title":{"rendered":"Comisi\u00f3n de Gobiernos Aut\u00f3nomos aprob\u00f3 reformas a la Ley de Telecomunicaciones"},"content":{"rendered":"<p><a href=\"http:\/\/www.ecuadoraldia.com.ec\/wp-content\/uploads\/2014\/10\/gobiernos-autnomos_4.jpg\"><img loading=\"lazy\" decoding=\"async\" class=\"alignleft size-medium wp-image-5593\" src=\"http:\/\/www.ecuadoraldia.com.ec\/wp-content\/uploads\/2014\/10\/gobiernos-autnomos_4-300x200.jpg\" alt=\"gobiernos autnomos_4\" width=\"300\" height=\"200\" srcset=\"https:\/\/www.ecuadoraldia.com.ec\/wp-content\/uploads\/2014\/10\/gobiernos-autnomos_4-300x200.jpg 300w, https:\/\/www.ecuadoraldia.com.ec\/wp-content\/uploads\/2014\/10\/gobiernos-autnomos_4.jpg 450w\" sizes=\"(max-width: 300px) 100vw, 300px\" \/><\/a>La Comisi\u00f3n de Gobiernos Aut\u00f3nomos de la Asamblea Nacional aprob\u00f3 esta ma\u00f1ana el informe para primer debate de las reformas a la Ley de Telecomunicaciones.<\/p>\n<p>La propuesta se aprob\u00f3 con 10 votos a favor y 2 en contra.<\/p>\n<p>Richard Calder\u00f3n, presidente de la mesa legislativa, se\u00f1al\u00f3 que estas reformas plantean la creaci\u00f3n de una Agencia de Regulaci\u00f3n y Control, en vez de la Superintendencia de Telecomunicaciones, y la eliminaci\u00f3n de entidades como el Conatel y Senatel.<\/p>\n<p>La pr\u00f3xima semana se prev\u00e9 que la presidenta de la Asamblea, Gabriela Rivadeneira, convoque al pleno para analizar la normativa.<\/p>\n<p>El cobro de regal\u00edas a las empresas de telecomunicaciones fue otro de los temas que analiz\u00f3 la mesa legislativa. Se estipula que las empresas que tengan una participaci\u00f3n en el mercado de 35 al 75% paguen un porcentaje de regal\u00edas al Estado del 1 al 9%.<\/p>\n<p>Calder\u00f3n considera que con esta medida se logra un \u00abequilibrio en la participaci\u00f3n en el mercado\u00bb.<\/p>\n","protected":false},"excerpt":{"rendered":"<p>La Comisi\u00f3n de Gobiernos Aut\u00f3nomos de la Asamblea Nacional aprob\u00f3 esta ma\u00f1ana el informe para primer debate de las reformas<\/p>\n","protected":false},"author":1,"featured_media":0,"comment_status":"open","ping_status":"open","sticky":false,"template":"","format":"standard","meta":{"footnotes":""},"categories":[3],"tags":[],"_links":{"self":[{"href":"https:\/\/www.ecuadoraldia.com.ec\/index.php?rest_route=\/wp\/v2\/posts\/5592"}],"collection":[{"href":"https:\/\/www.ecuadoraldia.com.ec\/index.php?rest_route=\/wp\/v2\/posts"}],"about":[{"href":"https:\/\/www.ecuadoraldia.com.ec\/index.php?rest_route=\/wp\/v2\/types\/post"}],"author":[{"embeddable":true,"href":"https:\/\/www.ecuadoraldia.com.ec\/index.php?rest_route=\/wp\/v2\/users\/1"}],"replies":[{"embeddable":true,"href":"https:\/\/www.ecuadoraldia.com.ec\/index.php?rest_route=%2Fwp%2Fv2%2Fcomments&post=5592"}],"version-history":[{"count":1,"href":"https:\/\/www.ecuadoraldia.com.ec\/index.php?rest_route=\/wp\/v2\/posts\/5592\/revisions"}],"predecessor-version":[{"id":5594,"href":"https:\/\/www.ecuadoraldia.com.ec\/index.php?rest_route=\/wp\/v2\/posts\/5592\/revisions\/5594"}],"wp:attachment":[{"href":"https:\/\/www.ecuadoraldia.com.ec\/index.php?rest_route=%2Fwp%2Fv2%2Fmedia&parent=5592"}],"wp:term":[{"taxonomy":"category","embeddable":true,"href":"https:\/\/www.ecuadoraldia.com.ec\/index.php?rest_route=%2Fwp%2Fv2%2Fcategories&post=5592"},{"taxonomy":"post_tag","embeddable":true,"href":"https:\/\/www.ecuadoraldia.com.ec\/index.php?rest_route=%2Fwp%2Fv2%2Ftags&post=5592"}],"curies":[{"name":"wp","href":"https:\/\/api.w.org\/{rel}","templated":true}]}}