{"id":5595,"date":"2014-10-30T12:03:46","date_gmt":"2014-10-30T12:03:46","guid":{"rendered":"http:\/\/www.ecuadoraldia.com.ec\/?p=5595"},"modified":"2014-10-30T12:03:46","modified_gmt":"2014-10-30T12:03:46","slug":"4-de-noviembre-se-inauguraran-en-esmeraldas-los-ix-juegos-nacionales-de-menores","status":"publish","type":"post","link":"https:\/\/www.ecuadoraldia.com.ec\/?p=5595","title":{"rendered":"4 de noviembre se inaugurar\u00e1n en Esmeraldas los IX Juegos Nacionales de Menores"},"content":{"rendered":"<p><a href=\"http:\/\/www.ecuadoraldia.com.ec\/wp-content\/uploads\/2014\/10\/juegos_nacionales_de_menores.jpg\"><img loading=\"lazy\" decoding=\"async\" class=\"alignleft size-medium wp-image-5596\" src=\"http:\/\/www.ecuadoraldia.com.ec\/wp-content\/uploads\/2014\/10\/juegos_nacionales_de_menores-300x234.jpg\" alt=\"juegos_nacionales_de_menores\" width=\"300\" height=\"234\" srcset=\"https:\/\/www.ecuadoraldia.com.ec\/wp-content\/uploads\/2014\/10\/juegos_nacionales_de_menores-300x234.jpg 300w, https:\/\/www.ecuadoraldia.com.ec\/wp-content\/uploads\/2014\/10\/juegos_nacionales_de_menores.jpg 580w\" sizes=\"(max-width: 300px) 100vw, 300px\" \/><\/a>Quito 29 oct 2014.- El pr\u00f3ximo martes 4 de noviembre se inaugurar\u00e1n los IX Juegos Nacionales de Menores en el Centro de Entrenamiento de Alto Rendimiento (CEAR) de R\u00edo Verde, ubicado al norte de la provincia de Esmeraldas.<\/p>\n<p>El anuncio lo realiz\u00f3 la ministra (e) del Deporte, Cecilia Vaca Jones, en un encuentro con medios de comunicaci\u00f3n en la sede de dicho ministerio, este mi\u00e9rcoles.<\/p>\n<p>Este evento de car\u00e1cter nacional se desarrollar\u00e1 en los CEAR de Carpuela (Imbabura), Macas (Morona Santiago) y R\u00edo Verde (Esmeraldas), y en escenarios deportivos de Cuenca, Otavalo y Atuntaqui, en los cuales participar\u00e1n aproximadamente 5.700 ni\u00f1os de 11 hasta 14 a\u00f1os de edad.<\/p>\n<p>\u201cNos permite identificar a esos grandes deportistas que nos dar\u00e1n enormes alegr\u00edas a futuro\u201d, asever\u00f3 la ministra Vaca Jones al referirse a estos IX Juegos Nacionales de Menores, y destac\u00f3 la pol\u00edtica p\u00fablica que maneja el gobierno ecuatoriano en torno a las actividades deportivas.<\/p>\n<p>Por su parte, el subsecretario t\u00e9cnico metodol\u00f3gico del Ministerio del Deporte, Esteban Loaiza, mencion\u00f3 que de esta competencia han salido varios deportistas ecuatorianos que posteriormente han competido y ganado en representaci\u00f3n del Ecuador, en torneos juveniles internacionales.<\/p>\n<p>Las 18 disciplinas que se disputar\u00e1n en estos juegos nacionales son: ajedrez, atletismo, baloncesto, boxeo, ciclismo, escalada deportiva, gimnasia, f\u00fatbol, hockey, judo, karate, levantamiento de pesas, lucha, nataci\u00f3n, tae kwon do, tenis de mesa, triatl\u00f3n y voleibol.<\/p>\n<p>La ceremonia de clausura de la novena edici\u00f3n de esta competencia, que se realiza anualmente, se efectuar\u00e1 el pr\u00f3ximo 14 de noviembre en el CEAR de Cuenca.<\/p>\n<p>El Ministerio de Deportes realizar\u00e1 una inversi\u00f3n de alrededor de 1\u2019417.625 d\u00f3lares que busca beneficiar a 6.250 personas en total, entre deportistas, entrenadores, t\u00e9cnicos, jueces, \u00e1rbitros, m\u00e9dicos, personal de apoyo y dirigentes de las 24 provincias del pa\u00eds.<\/p>\n<p>Los primeros Juegos Deportivos Nacionales de Menores se realizaron en el 2006, con el objetivo de encontrar deportistas infantiles con talento que posteriormente puedan representar al Ecuador en los Juegos Sudamericanos Escolares y, posteriormente, en competencias internaciones, como los Juegos Ol\u00edmpicos que se realizan cada 4 a\u00f1os.<\/p>\n<p>(Andes)<\/p>\n","protected":false},"excerpt":{"rendered":"<p>Quito 29 oct 2014.- El pr\u00f3ximo martes 4 de noviembre se inaugurar\u00e1n los IX Juegos Nacionales de Menores en el<\/p>\n","protected":false},"author":1,"featured_media":0,"comment_status":"open","ping_status":"open","sticky":false,"template":"","format":"standard","meta":{"footnotes":""},"categories":[10],"tags":[],"_links":{"self":[{"href":"https:\/\/www.ecuadoraldia.com.ec\/index.php?rest_route=\/wp\/v2\/posts\/5595"}],"collection":[{"href":"https:\/\/www.ecuadoraldia.com.ec\/index.php?rest_route=\/wp\/v2\/posts"}],"about":[{"href":"https:\/\/www.ecuadoraldia.com.ec\/index.php?rest_route=\/wp\/v2\/types\/post"}],"author":[{"embeddable":true,"href":"https:\/\/www.ecuadoraldia.com.ec\/index.php?rest_route=\/wp\/v2\/users\/1"}],"replies":[{"embeddable":true,"href":"https:\/\/www.ecuadoraldia.com.ec\/index.php?rest_route=%2Fwp%2Fv2%2Fcomments&post=5595"}],"version-history":[{"count":1,"href":"https:\/\/www.ecuadoraldia.com.ec\/index.php?rest_route=\/wp\/v2\/posts\/5595\/revisions"}],"predecessor-version":[{"id":5597,"href":"https:\/\/www.ecuadoraldia.com.ec\/index.php?rest_route=\/wp\/v2\/posts\/5595\/revisions\/5597"}],"wp:attachment":[{"href":"https:\/\/www.ecuadoraldia.com.ec\/index.php?rest_route=%2Fwp%2Fv2%2Fmedia&parent=5595"}],"wp:term":[{"taxonomy":"category","embeddable":true,"href":"https:\/\/www.ecuadoraldia.com.ec\/index.php?rest_route=%2Fwp%2Fv2%2Fcategories&post=5595"},{"taxonomy":"post_tag","embeddable":true,"href":"https:\/\/www.ecuadoraldia.com.ec\/index.php?rest_route=%2Fwp%2Fv2%2Ftags&post=5595"}],"curies":[{"name":"wp","href":"https:\/\/api.w.org\/{rel}","templated":true}]}}