{"id":5598,"date":"2014-10-30T12:05:38","date_gmt":"2014-10-30T12:05:38","guid":{"rendered":"http:\/\/www.ecuadoraldia.com.ec\/?p=5598"},"modified":"2014-10-30T12:05:38","modified_gmt":"2014-10-30T12:05:38","slug":"lasso-suma-a-un-sector-de-la-derecha-y-se-aleja-de-la-de-nebot","status":"publish","type":"post","link":"https:\/\/www.ecuadoraldia.com.ec\/?p=5598","title":{"rendered":"Lasso suma a un sector de la derecha y se aleja de la de Nebot"},"content":{"rendered":"<p><a href=\"http:\/\/www.ecuadoraldia.com.ec\/wp-content\/uploads\/2014\/10\/creo.jpg\"><img loading=\"lazy\" decoding=\"async\" class=\"alignleft size-medium wp-image-5599\" src=\"http:\/\/www.ecuadoraldia.com.ec\/wp-content\/uploads\/2014\/10\/creo-300x198.jpg\" alt=\"creo\" width=\"300\" height=\"198\" srcset=\"https:\/\/www.ecuadoraldia.com.ec\/wp-content\/uploads\/2014\/10\/creo-300x198.jpg 300w, https:\/\/www.ecuadoraldia.com.ec\/wp-content\/uploads\/2014\/10\/creo.jpg 450w\" sizes=\"(max-width: 300px) 100vw, 300px\" \/><\/a>Parec\u00eda el lanzamiento de una candidatura. El sal\u00f3n del Centro de Convenciones Sim\u00f3n Bol\u00edvar estaba lleno de militantes, las banderas de Ecuador flameaban y las consignas que se escuchaban eran: \u201cEsmeraldas presente, El Oro presente, Dur\u00e1n presente&#8230;\u201d.<\/p>\n<p>Con quince minutos de retraso entr\u00f3 Guillermo Laso, escoltado por Juanita Vallejo, Auki Titua\u00f1a, C\u00e9sar Mont\u00fafar, Francisco Jim\u00e9nez y los otros integrantes de Compromiso Ecuador, un frente que lideran Concertaci\u00f3n y Creando Oportunidades (CREO) para convocar a una consulta popular.<\/p>\n<p>Lasso y sus compa\u00f1eros caminaron por en medio de la sala. Iban estrechando manos y abrazando a todos. Las banderas los arroparon y los coros se hicieron m\u00e1s fuertes.<\/p>\n<p>En el frente una gran mesa directiva, dispuesta en tres filas, a manera de gradas, los esperaba. All\u00ed se sentaron; en la primera l\u00ednea se ubicaron los antes mencionados. \u201cNo es una alianza preelectoral por una candidatura sino por la consulta popular\u201d, aclar\u00f3 la maestra de ceremonias. Entre el p\u00fablico la gente levantaba carteles con el n\u00famero 73%, en referencia a una encuesta que aseguraba que ese es el porcentaje de ciudadanos que quiere un referendo sobre la reelecci\u00f3n indefinida.<\/p>\n<p>Se leyeron todos los nombres de casi 40 organizaciones y personajes que conforman el frente, no solo pol\u00edticas sino tambi\u00e9n de comerciantes y agricultores. Algunos son personajes, sin una organizaci\u00f3n detr\u00e1s, como Jim\u00e9nez, Titua\u00f1a y Vallejo, adem\u00e1s del jurista Roberto L\u00f3pez y del economista Omar Maluk. El primero respald\u00f3 a Lasso en la campa\u00f1a presidencial y el segundo hizo lo propio, en alguna ocasi\u00f3n, con \u00c1lvaro Noboa. (CONOZCA A LOS MIEMBROS DE COMPROMISO ECUADOR)<\/p>\n<p>En la lista tambi\u00e9n estaban la exasamble\u00edsta N\u00edvea V\u00e9lez, del movimiento Convocatoria (Loja) y el actual legislador por Carchi, Ren\u00e9 Yand\u00fan, aunque no estuvieron f\u00edsicamente. Probablemente el gran ausente sea Andr\u00e9s P\u00e1ez, pese a que s\u00ed concurri\u00f3 Henry Llanes, en nombre de la desaparecida Izquierda Democr\u00e1tica.<\/p>\n<p>Tampoco se vio a Luis Fernando Torres, del movimiento local tungurahuense Cambio, ni a Juan Carlos Solines, exaspirante a la vicepresidencia de la Rep\u00fablica en 2013.<\/p>\n<p>Terminadas las presentaciones vinieron los discursos. Juanita Vallejo, exgobernadora del Guayas en la administraci\u00f3n de Rodrigo Borja, destac\u00f3 la \u201cmagia\u201d del recinto, de la atm\u00f3sfera que se respiraba all\u00ed. \u201cEsto me recuerda cu\u00e1n positivo es cuando nos reunimos en un tema\u201d, indic\u00f3.<\/p>\n<p>Reconoci\u00f3 que ya estaba retirada de la vida p\u00fablica pero que vuelve por lo que considera una amenaza a la democracia. \u201c\u00a1De pie y a luchar!\u201d, afirm\u00f3 efusivamente al final de su intervenci\u00f3n, probablemente la m\u00e1s vitoreada. De all\u00ed vino Mont\u00fafar. \u00c9l advirti\u00f3 del peligro que significa que gobierne la casta, un t\u00e9rmino que repiti\u00f3 al menos 10 veces y que ha popularizado la agrupaci\u00f3n espa\u00f1ola Podemos, en referencia a los miembros del r\u00e9gimen bipartidista del pa\u00eds ib\u00e9rico. \u201cTenemos una casta que se quiere perennizar en el poder\u201d, insisti\u00f3.<\/p>\n<p>En su intervenci\u00f3n hizo una puntualizaci\u00f3n. La consulta debe contener una sola pregunta: sobre la reelecci\u00f3n indefinida. Con eso qued\u00f3 descartada la propuesta de Lasso de preguntar sobre la dolarizaci\u00f3n.<\/p>\n<p>El \u00faltimo en disertar fue el exbanquero. Habl\u00f3 de la importancia de la alternabilidad en la democracia y dijo que si Alianza PAIS no tiene nuevos l\u00edderes es problema de ellos. Con esa introducci\u00f3n vino la parte informal del discurso, cuando relat\u00f3 un encuentro con un campesino de Daule, quien le aconsej\u00f3 que usara un lenguaje simple. \u201cHabla claro, sencillo. La alternancia en el poder se la conoce en el campo como la necesidad de mover a la gallina para ver las cagadas que ha hecho\u201d, le habr\u00eda dicho el agricultor.<\/p>\n<p>Esa recomendaci\u00f3n fue totalmente acogida porque de all\u00ed vino todo un enredo de palabras. \u201cY yo le dec\u00eda pero la gallina tambi\u00e9n pone huevos, pero cuando la gallina pone huevos ya no le pertenecen esos huevos. Esos huevos son del gallinero, ya no de la gallina. Para eso es la alternancia en el poder: para conservar los huevos y limpiar las cagadas\u201d, exclam\u00f3, y la gente bull\u00eda en aplausos.<\/p>\n<p>Ese fue el final de la ceremonia. El compromiso de los participantes es ayudar en la recolecci\u00f3n de firmas, en todo el pa\u00eds, pero solo una vez que la Corte Constitucional se pronuncie. No est\u00e1 definida la pregunta, eso vendr\u00e1 despu\u00e9s.<\/p>\n<p>Los periodistas corrieron donde Francisco Jim\u00e9nez, gobernador del Guayas en la administraci\u00f3n de Rafael Correa y ex-Ruptura. \u00c9l se desafili\u00f3 antes de que el Consejo Nacional Electoral (CNE) borrara del registro a esa agrupaci\u00f3n por no cumplir con un apoyo m\u00ednimo de votos.<\/p>\n<p>Cont\u00f3 que lo llam\u00f3 C\u00e9sar Mont\u00fafar y que accedi\u00f3 por una cuesti\u00f3n de principios. Consultado sobre su ideolog\u00eda, de centroizquierda, dijo que esta se mantiene, que se trata de defender la democracia por lo que no impulsa una candidatura espec\u00edfica.<\/p>\n<p>Algo parecido asever\u00f3 Titua\u00f1a, quien casi fue binomio de Lasso en 2013, pero por no desafiliarse de Pachakutik a tiempo no lo logr\u00f3. Indic\u00f3 que muchos ind\u00edgenas est\u00e1n en contra de la reelecci\u00f3n indefinida, que inclusive la izquierda que apoy\u00f3 al Gobierno en la Constituyente mantiene esa posici\u00f3n.<\/p>\n<p>As\u00ed concluy\u00f3 el evento. Personal de CREO retir\u00f3 las banderas de Ecuador a los militantes, las enroll\u00f3 y guard\u00f3 en una camioneta. Listas para la pr\u00f3xima ocasi\u00f3n.(Tel\u00e9grafo)<\/p>\n","protected":false},"excerpt":{"rendered":"<p>Parec\u00eda el lanzamiento de una candidatura. El sal\u00f3n del Centro de Convenciones Sim\u00f3n Bol\u00edvar estaba lleno de militantes, las banderas<\/p>\n","protected":false},"author":1,"featured_media":0,"comment_status":"open","ping_status":"open","sticky":false,"template":"","format":"standard","meta":{"footnotes":""},"categories":[3],"tags":[],"_links":{"self":[{"href":"https:\/\/www.ecuadoraldia.com.ec\/index.php?rest_route=\/wp\/v2\/posts\/5598"}],"collection":[{"href":"https:\/\/www.ecuadoraldia.com.ec\/index.php?rest_route=\/wp\/v2\/posts"}],"about":[{"href":"https:\/\/www.ecuadoraldia.com.ec\/index.php?rest_route=\/wp\/v2\/types\/post"}],"author":[{"embeddable":true,"href":"https:\/\/www.ecuadoraldia.com.ec\/index.php?rest_route=\/wp\/v2\/users\/1"}],"replies":[{"embeddable":true,"href":"https:\/\/www.ecuadoraldia.com.ec\/index.php?rest_route=%2Fwp%2Fv2%2Fcomments&post=5598"}],"version-history":[{"count":1,"href":"https:\/\/www.ecuadoraldia.com.ec\/index.php?rest_route=\/wp\/v2\/posts\/5598\/revisions"}],"predecessor-version":[{"id":5600,"href":"https:\/\/www.ecuadoraldia.com.ec\/index.php?rest_route=\/wp\/v2\/posts\/5598\/revisions\/5600"}],"wp:attachment":[{"href":"https:\/\/www.ecuadoraldia.com.ec\/index.php?rest_route=%2Fwp%2Fv2%2Fmedia&parent=5598"}],"wp:term":[{"taxonomy":"category","embeddable":true,"href":"https:\/\/www.ecuadoraldia.com.ec\/index.php?rest_route=%2Fwp%2Fv2%2Fcategories&post=5598"},{"taxonomy":"post_tag","embeddable":true,"href":"https:\/\/www.ecuadoraldia.com.ec\/index.php?rest_route=%2Fwp%2Fv2%2Ftags&post=5598"}],"curies":[{"name":"wp","href":"https:\/\/api.w.org\/{rel}","templated":true}]}}