{"id":5601,"date":"2014-10-30T12:07:57","date_gmt":"2014-10-30T12:07:57","guid":{"rendered":"http:\/\/www.ecuadoraldia.com.ec\/?p=5601"},"modified":"2014-10-30T12:07:57","modified_gmt":"2014-10-30T12:07:57","slug":"usos-ancestrales-de-la-hoja-de-coca-motivan-foro-internacional-en-ecuador","status":"publish","type":"post","link":"https:\/\/www.ecuadoraldia.com.ec\/?p=5601","title":{"rendered":"Usos ancestrales  de la hoja de coca motivan foro internacional en Ecuador"},"content":{"rendered":"<p><a href=\"http:\/\/www.ecuadoraldia.com.ec\/wp-content\/uploads\/2014\/10\/cocaevento.png\"><img loading=\"lazy\" decoding=\"async\" class=\"alignleft size-medium wp-image-5602\" src=\"http:\/\/www.ecuadoraldia.com.ec\/wp-content\/uploads\/2014\/10\/cocaevento-300x223.png\" alt=\"cocaevento\" width=\"300\" height=\"223\" srcset=\"https:\/\/www.ecuadoraldia.com.ec\/wp-content\/uploads\/2014\/10\/cocaevento-300x223.png 300w, https:\/\/www.ecuadoraldia.com.ec\/wp-content\/uploads\/2014\/10\/cocaevento.png 580w\" sizes=\"(max-width: 300px) 100vw, 300px\" \/><\/a>Quito, 28 oct 2014. &#8211; Hablar sobre la hoja de coca, planta usada ancestralmente por los pueblos ind\u00edgenas andinos, \u00absin satanizarla\u00bb por ser la materia prima de la coca\u00edna, y conocer sus usos medicinales y alimenticios ser\u00e1n los aportes de un foro internacional que inici\u00f3 este mi\u00e9rcoles en Quito, explic\u00f3 a Andes, Mar\u00eda Augusta Vargas, directora de Museos y Sitios Arqueol\u00f3gicos de Ecuador.<\/p>\n<p>El V Foro Internacional &#8216;Historia de la hoja de coca, pasado, presente y futuro&#8217; es \u00abuna instancia para acercarnos al discurso, a hablar de la hoja de coca sin satanizarla\u201d, dijo Vargas durante el evento al que asisten delegados de Ecuador, Per\u00fa, Colombia y Bolivia.<\/p>\n<p>La cita empez\u00f3 con una ceremonia dedicada a la Pachamama (Madre Tierra) en un ritual con flores, alimentos y quema de hojas de coca.<\/p>\n<p>La funcionaria del Ministerio ecuatoriano de Cultura y Patrimonio, uno de los organizadores del evento, destac\u00f3 la presencia de investigadores de varios pa\u00edses de la regi\u00f3n para intercambiar conocimientos acerca del tratamiento, desde el \u00e1mbito cultural y patrimonial, de esta planta sagrada para los pueblos originarios y ancestrales.<\/p>\n<p>Se refiri\u00f3 al caso particular de su pa\u00eds, donde desde el siglo XVI la Iglesia erradic\u00f3, persigui\u00f3 y castig\u00f3 a los usuarios de la coca, lo cual unido a otras condiciones clim\u00e1ticas y sociales hizo que se perdiera la tradici\u00f3n del \u201cakullico\u201d (masticado) de la hoja y otros usos.<\/p>\n<p>Sin embargo, indic\u00f3 que en la actualidad aunque no existe un reclamo de la despenalizaci\u00f3n por parte de los pueblos nativos, s\u00ed se aprecia una reivindicaci\u00f3n de esta planta sagrada, por su valor medicinal, como suplemento de nutrientes, y su empleo en ceremonias espirituales.<\/p>\n<p>En su opini\u00f3n, permitir la siembra de la coca -criminalizada en muchos pa\u00edses porque sirve de materia prima para la producci\u00f3n de la coca\u00edna- podr\u00eda ser el inicio para que en alg\u00fan momento se desvirt\u00fae su uso como algo penado, sobre todo en las fronteras, por lo que considera que el concepto de autorregulaci\u00f3n \u201ces la sabia decisi\u00f3n\u201d, a semejanza de lo que ha hecho Bolivia para controlar la producci\u00f3n.<\/p>\n<p>\u201c\u00bfQu\u00e9 es lo que la hoja de coca ha probado al mundo?\u00bb, se pregunta Vargas. \u00abTiene nutrientes, es un energizante, incluso se utiliza para sanar adicciones\u201d, responde.<\/p>\n<p>Al V Foro Internacional sobre la hoja de coca, que concluye el jueves, asisten Gumercindo Pucho Mamani, Viceministro de Coca y Desarrollo Integral del Ministerio de Desarrollo Rural y Tierras de Bolivia, y Agust\u00edn Guzm\u00e1n, presidente de Organizaci\u00f3n No Gubernamental (ONG) Comunidad Tawantinsuyu, de Per\u00fa.<\/p>\n<p>En este contexto recibi\u00f3 un homenaje el investigador peruano Baldomero C\u00e1ceres, por su larga trayectoria en defensa de la \u201cMama coca\u201d. (Andes)<\/p>\n","protected":false},"excerpt":{"rendered":"<p>Quito, 28 oct 2014. &#8211; Hablar sobre la hoja de coca, planta usada ancestralmente por los pueblos ind\u00edgenas andinos, \u00absin<\/p>\n","protected":false},"author":1,"featured_media":0,"comment_status":"open","ping_status":"open","sticky":false,"template":"","format":"standard","meta":{"footnotes":""},"categories":[4],"tags":[],"_links":{"self":[{"href":"https:\/\/www.ecuadoraldia.com.ec\/index.php?rest_route=\/wp\/v2\/posts\/5601"}],"collection":[{"href":"https:\/\/www.ecuadoraldia.com.ec\/index.php?rest_route=\/wp\/v2\/posts"}],"about":[{"href":"https:\/\/www.ecuadoraldia.com.ec\/index.php?rest_route=\/wp\/v2\/types\/post"}],"author":[{"embeddable":true,"href":"https:\/\/www.ecuadoraldia.com.ec\/index.php?rest_route=\/wp\/v2\/users\/1"}],"replies":[{"embeddable":true,"href":"https:\/\/www.ecuadoraldia.com.ec\/index.php?rest_route=%2Fwp%2Fv2%2Fcomments&post=5601"}],"version-history":[{"count":1,"href":"https:\/\/www.ecuadoraldia.com.ec\/index.php?rest_route=\/wp\/v2\/posts\/5601\/revisions"}],"predecessor-version":[{"id":5603,"href":"https:\/\/www.ecuadoraldia.com.ec\/index.php?rest_route=\/wp\/v2\/posts\/5601\/revisions\/5603"}],"wp:attachment":[{"href":"https:\/\/www.ecuadoraldia.com.ec\/index.php?rest_route=%2Fwp%2Fv2%2Fmedia&parent=5601"}],"wp:term":[{"taxonomy":"category","embeddable":true,"href":"https:\/\/www.ecuadoraldia.com.ec\/index.php?rest_route=%2Fwp%2Fv2%2Fcategories&post=5601"},{"taxonomy":"post_tag","embeddable":true,"href":"https:\/\/www.ecuadoraldia.com.ec\/index.php?rest_route=%2Fwp%2Fv2%2Ftags&post=5601"}],"curies":[{"name":"wp","href":"https:\/\/api.w.org\/{rel}","templated":true}]}}