{"id":5604,"date":"2014-10-30T12:09:24","date_gmt":"2014-10-30T12:09:24","guid":{"rendered":"http:\/\/www.ecuadoraldia.com.ec\/?p=5604"},"modified":"2014-10-30T12:09:24","modified_gmt":"2014-10-30T12:09:24","slug":"rafael-correa-y-ollanta-humala-en-viii-gabinete-binacional","status":"publish","type":"post","link":"https:\/\/www.ecuadoraldia.com.ec\/?p=5604","title":{"rendered":"Rafael Correa y Ollanta Humala en VIII Gabinete Binacional"},"content":{"rendered":"<p><a href=\"http:\/\/www.ecuadoraldia.com.ec\/wp-content\/uploads\/2014\/10\/humala-correa.jpg\"><img loading=\"lazy\" decoding=\"async\" class=\"alignleft size-medium wp-image-5605\" src=\"http:\/\/www.ecuadoraldia.com.ec\/wp-content\/uploads\/2014\/10\/humala-correa-300x167.jpg\" alt=\"humala-correa\" width=\"300\" height=\"167\" srcset=\"https:\/\/www.ecuadoraldia.com.ec\/wp-content\/uploads\/2014\/10\/humala-correa-300x167.jpg 300w, https:\/\/www.ecuadoraldia.com.ec\/wp-content\/uploads\/2014\/10\/humala-correa.jpg 510w\" sizes=\"(max-width: 300px) 100vw, 300px\" \/><\/a>Quito, 30 oct.2014. El presidente ecuatoriano Rafael Correa y su hom\u00f3logo de Per\u00fa, Ollanta Humala, se re\u00fanen este jueves en la localidad de Arenillas, en la provincia de El Oro, a unos 530 kil\u00f3metros de Quito.<\/p>\n<p>La agenda de ambos mandatarios prev\u00e9 el saludo protocolar a partir de las 9:00 en el aeropuerto de Santa Rosa, de El Oro, despu\u00e9s de lo cual iniciar\u00e1n las reuniones binacionales en un hotel de la localidad.<\/p>\n<p>La reuni\u00f3n tratar\u00e1 temas sociales, de seguridad y defensa; de infraestructura y conectividad; ambientales, mineros y energ\u00e9ticos, as\u00ed como econ\u00f3micos, comerciales y tur\u00edsticos.<\/p>\n<p>Al t\u00e9rmino del VIII Gabinete Ministerial Binacional, en horas de la tarde, ambas delegaciones firmar\u00e1n una serie de acuerdos de integraci\u00f3n de ambas naciones y ofrecer\u00e1n declaraciones a los medios de comunicaci\u00f3n.<\/p>\n<p>La \u00faltima reuni\u00f3n entre Correa y Humala en un Gabinete Binacional data de noviembre de 2013, cuando se encontraron en Piura, Per\u00fa. Estas reuniones se realizan anualmente desde el 2007. La cita anterior a Chiclayo se realiz\u00f3 en la ciudad ecuatoriana de Cuenca.<\/p>\n<p>La reuni\u00f3n preparatoria de Vicecancilleres se realiz\u00f3 la v\u00edspera en la que se abordaron los cinco ejes tem\u00e1ticos de la relaci\u00f3n bilateral: infraestructura y conectividad; asuntos sociales; asuntos productivos, comerciales, de inversiones y turismo; seguridad y defensa; asuntos ambientales y energ\u00e9ticos. El encuentro lo presidi\u00f3 el viceministro de Relaciones Exteriores de Ecuador, Leonardo Ar\u00edzaga, y el Director General de Am\u00e9rica del Per\u00fa, Carlos Pareja.<\/p>\n<p>Per\u00fa en el tercer socio comercial del Ecuador. Entre enero y agosto las exportaciones -especialmente petroleras- significaron 1.289,5 millones de d\u00f3lares y las importaciones \u2013mayormente de materia prima- desde Per\u00fa sumaron 774,5 millones de d\u00f3lares.<\/p>\n<p>Per\u00fa y Ecuador vivieron inmersos en una serie de conflictos lim\u00edtrofes desde las primeras d\u00e9cadas del siglo XIX. En estos 16 a\u00f1os de paz, las relaciones comerciales entre ambos pa\u00edses han incrementado desde los 300 millones de d\u00f3lares hasta los 3.000 millones de d\u00f3lares.<\/p>\n<p>El Congreso de la Rep\u00fablica de Per\u00fa el mi\u00e9rcoles al presidente Humala a visitar esta semana Ecuador y en noviembre pr\u00f3ximo Rusia, China y El Vaticano.<\/p>\n<p>Humala se ausentar\u00e1 de su pa\u00eds entre el 5 y el 16 de noviembre, lapso en el que har\u00e1 visitas oficiales a Rusia y China. En este \u00faltimo pa\u00eds participar\u00e1 en la XXII Cumbre del Foro de Cooperaci\u00f3n Econ\u00f3mica Asia-Pac\u00edfico (APEC), en la ciudad de Beijing, donde sostendr\u00e1 reuniones bilaterales con l\u00edderes de los pa\u00edses miembros de APEC.<\/p>\n<p>Posteriormente, visitar\u00e1 El Vaticano, donde ser\u00e1 recibido en una audiencia por el papa Francisco. (Andes)<\/p>\n","protected":false},"excerpt":{"rendered":"<p>Quito, 30 oct.2014. El presidente ecuatoriano Rafael Correa y su hom\u00f3logo de Per\u00fa, Ollanta Humala, se re\u00fanen este jueves en<\/p>\n","protected":false},"author":1,"featured_media":0,"comment_status":"open","ping_status":"open","sticky":false,"template":"","format":"standard","meta":{"footnotes":""},"categories":[1],"tags":[],"_links":{"self":[{"href":"https:\/\/www.ecuadoraldia.com.ec\/index.php?rest_route=\/wp\/v2\/posts\/5604"}],"collection":[{"href":"https:\/\/www.ecuadoraldia.com.ec\/index.php?rest_route=\/wp\/v2\/posts"}],"about":[{"href":"https:\/\/www.ecuadoraldia.com.ec\/index.php?rest_route=\/wp\/v2\/types\/post"}],"author":[{"embeddable":true,"href":"https:\/\/www.ecuadoraldia.com.ec\/index.php?rest_route=\/wp\/v2\/users\/1"}],"replies":[{"embeddable":true,"href":"https:\/\/www.ecuadoraldia.com.ec\/index.php?rest_route=%2Fwp%2Fv2%2Fcomments&post=5604"}],"version-history":[{"count":1,"href":"https:\/\/www.ecuadoraldia.com.ec\/index.php?rest_route=\/wp\/v2\/posts\/5604\/revisions"}],"predecessor-version":[{"id":5606,"href":"https:\/\/www.ecuadoraldia.com.ec\/index.php?rest_route=\/wp\/v2\/posts\/5604\/revisions\/5606"}],"wp:attachment":[{"href":"https:\/\/www.ecuadoraldia.com.ec\/index.php?rest_route=%2Fwp%2Fv2%2Fmedia&parent=5604"}],"wp:term":[{"taxonomy":"category","embeddable":true,"href":"https:\/\/www.ecuadoraldia.com.ec\/index.php?rest_route=%2Fwp%2Fv2%2Fcategories&post=5604"},{"taxonomy":"post_tag","embeddable":true,"href":"https:\/\/www.ecuadoraldia.com.ec\/index.php?rest_route=%2Fwp%2Fv2%2Ftags&post=5604"}],"curies":[{"name":"wp","href":"https:\/\/api.w.org\/{rel}","templated":true}]}}