{"id":5650,"date":"2014-11-01T01:51:37","date_gmt":"2014-11-01T01:51:37","guid":{"rendered":"http:\/\/www.ecuadoraldia.com.ec\/?p=5650"},"modified":"2014-11-01T01:51:37","modified_gmt":"2014-11-01T01:51:37","slug":"extra-pide-pruebas-concretas-de-supuesta-violacion-a-la-loc","status":"publish","type":"post","link":"https:\/\/www.ecuadoraldia.com.ec\/?p=5650","title":{"rendered":"EXTRA pide pruebas concretas de supuesta violaci\u00f3n a la LOC!"},"content":{"rendered":"<p><a href=\"http:\/\/www.ecuadoraldia.com.ec\/wp-content\/uploads\/2014\/11\/extra.jpg\"><img loading=\"lazy\" decoding=\"async\" class=\"alignleft size-medium wp-image-5651\" src=\"http:\/\/www.ecuadoraldia.com.ec\/wp-content\/uploads\/2014\/11\/extra-300x225.jpg\" alt=\"extra\" width=\"300\" height=\"225\" srcset=\"https:\/\/www.ecuadoraldia.com.ec\/wp-content\/uploads\/2014\/11\/extra-300x225.jpg 300w, https:\/\/www.ecuadoraldia.com.ec\/wp-content\/uploads\/2014\/11\/extra.jpg 317w\" sizes=\"(max-width: 300px) 100vw, 300px\" \/><\/a>La audiencia contra EXTRA qued\u00f3 suspendida el pasado mi\u00e9rcoles. El abogado de la Superintendencia de Comunicaci\u00f3n (Supercom), Alejando Salguero, no pudo sustentar la acusaci\u00f3n del organismo contra este Diario, relativa al supuesto \u201ctratamiento morboso\u201d en la informaci\u00f3n que daba cuenta a los lectores del avi\u00f3n de Malaysia Airlines, accidentado el 19 de julio pasado con un saldo de 298 muertos.<\/p>\n<p>La importancia del accidente tuvo reflejo en la trascendencia de la noticia: portada en todos los peri\u00f3dicos y noticieros del mundo.<\/p>\n<p>EXTRA, como el resto de medios nacionales y extranjeros, elabor\u00f3 su nota nutri\u00e9ndose de la informaci\u00f3n y material gr\u00e1fico servidos por las agencias internacionales.<br \/>\nEsta circunstancia hizo que tanto los datos como las fotograf\u00edas de ilustraci\u00f3n fueran coincidentes en el tratamiento informativo mundial del suceso.<\/p>\n<p>La Supercom, sin embargo, imputa a este peri\u00f3dico un \u201ctratamiento morboso\u201d basado en supuestos estudios semi\u00f3ticos sobre la interpretaci\u00f3n de las im\u00e1genes.<\/p>\n<p>Cita a decenas de autores en un rompecabezas te\u00f3rico que sirve de base a la imputaci\u00f3n, pero que, parad\u00f3jicamente, ninguno hace referencia a la informaci\u00f3n del accidente por la que la Supercom pretende sancionar a EXTRA.<\/p>\n<p>Alguno de estos autores, por ejemplo el franc\u00e9s Michel Foucault, fallecieron antes del suceso del avi\u00f3n siniestrado y, en consecuencia, antes de que la noticia de EXTRA y del resto de medios de comunicaci\u00f3n mundiales viera la luz.<\/p>\n<p>EXTRA sirvi\u00f3 la informaci\u00f3n a sus lectores con base en tres fotograf\u00edas de portada: dos de la tragedia humana del accidente; y la tercera, de una mujer depositando una flor en un acto ciudadano de solidaridad con las v\u00edctimas. La mujer, joven, llevaba un vestido floreado corto y tacos.<\/p>\n<p>La entidad de control medi\u00e1tico observa este detalle en su informe de imputaci\u00f3n para concluir que \u201clos contenidos tanto gr\u00e1ficos como editoriales incitan a mirar aspectos que pervierten los sentidos de lo \u00edntimo y lo privado\u201d y \u201cse exacerbar\u00eda el morbo de quienes lo leen\u201d.<\/p>\n<p>LA AUDIENCIA<br \/>\nEste Diario solicit\u00f3 en la audiencia que se practiquen pruebas fundamentales para desvirtuar las presuntas violaciones a la Ley Org\u00e1nica de Comunicaci\u00f3n (LOC).<\/p>\n<p>El proceso se abri\u00f3 el 14 de octubre pasado, luego de un reporte interno de Gina Balladares, intendenta nacional de Monitoreo y An\u00e1lisis de la Informaci\u00f3n de la Supercom, enviado al superintendente Carlos Ochoa, en el que se cuestion\u00f3 la publicaci\u00f3n de la nota del avi\u00f3n, as\u00ed como tambi\u00e9n la de \u201c\u00a1Ni el casco aguant\u00f3 el papazo!\u201d, sobre un accidente de tr\u00e1nsito ocurrido en Quito y publicado el 26 del mismo mes.<\/p>\n<p>La audiencia, a la que asistieron como testigos funcionarios de la Supercom, fue dirigida por la doctora Elsa Quispe Cajiao, directora nacional encargada de Gesti\u00f3n Jur\u00eddica de Procesos de Oficio de esta dependencia.<\/p>\n<p>Seg\u00fan Salguero, los signos de admiraci\u00f3n que constan en los titulares llaman la atenci\u00f3n del lector \u201ccomo una se\u00f1al de tr\u00e1nsito\u201d y dijo que el primer titular es impreciso porque Ucrania \u201cno es un territorio de muerte, jur\u00eddicamente hablando\u201d.<\/p>\n<p>LA DEFENSA<br \/>\nJohnny de la Pared Darquea, abogado de EXTRA, mostr\u00f3 las publicaciones sobre el caso del avi\u00f3n de Malaysia, hechas por varios diarios nacionales e internacionales, que recogen la misma informaci\u00f3n y gr\u00e1ficas publicadas por este rotativo; con lo cual se descart\u00f3 cualquier imprecisi\u00f3n o descontextualizaci\u00f3n de la noticia.<\/p>\n<p>Tambi\u00e9n se refiri\u00f3 como un hecho cierto al accidente de tr\u00e1nsito en el que falleci\u00f3 un motociclista en el sector del Comit\u00e9 del Pueblo, asegurando que el impacto fue tan fuerte que ni el casco lo soport\u00f3.<\/p>\n<p>De la Pared calific\u00f3 de subjetivo el documento de la Supercom, fundamentado en el psicoan\u00e1lisis, y adjunt\u00f3 como prueba un informe realizado por el destacado m\u00e9dico psiquiatra Miguel Palacios Frugone, en el que sostiene que no se puede determinar el grado de morbosidad de un contenido editorial, porque esta condici\u00f3n est\u00e1 determinada por quien lo lee.<\/p>\n<p>El abogado inst\u00f3 a la directora Quispe a que solicite tres pruebas fundamentales: el an\u00e1lisis realizado por los fil\u00f3sofos aludidos en el informe de la Supercom, espec\u00edficamente a los art\u00edculos de EXTRA y su escuela de pensamiento; los documentos que acrediten la condici\u00f3n de psiquiatras de los autores del referido informe; y una certificaci\u00f3n de las autoridades del Instituto de Neurociencias de la Junta de Beneficencia de Guayaquil de que se han atendido casos de pacientes con problemas psicol\u00f3gicos provocados por la lectura de estas noticias.<\/p>\n<p>Frente a ello, la directora nacional decidi\u00f3 postergar la audiencia hasta el 6 de noviembre, para garantizar el leg\u00edtimo derecho a la defensa de Diario EXTRA, pese a que la ley y el reglamento no lo contemplan. (JMY)<\/p>\n<p>\u201cEs imposible medir lo subjetivo\u201d<br \/>\nEl an\u00e1lisis realizado al informe de la Supercom por el m\u00e9dico psiquiatra Miguel Palacios Frugone, sostiene que es imposible medir lo subjetivo, ya que no se ha inventado una m\u00e1quina para cuantificar la sensibilidad, la violencia, la percepci\u00f3n, el morbo, la sensualidad, entre otras percepciones.<br \/>\nEl documento, entregado a la Direcci\u00f3n Nacional de Gesti\u00f3n Jur\u00eddica de Procesos de Oficio de la Supercom, agrega que las personas \u201cque se atrevan a medir o analizar estos conceptos solo lo hacen bajo marcos te\u00f3ricos\/referenciales que de ninguna manera muestran la valoraci\u00f3n real de lo analizado y, peor a\u00fan, tienen la autoridad cient\u00edfica para afirmar que quienes lean estos escritos ser\u00e1n influenciados al leerlos para reaccionar de una determinada manera\u201d.<\/p>\n<p>Seg\u00fan el experto, \u201csi estas publicaciones fueran analizadas desde el punto de vista religioso, por ejemplo, el resultado de su an\u00e1lisis ser\u00eda inv\u00e1lido; ya que lo que ser\u00eda bueno para el catolicismo, no necesariamente ser\u00e1 bueno para el brahmanismo\u201d.<\/p>\n<p>&#8216;Si estas publicaciones fueran analizadas desde el punto de vista religioso, por ejemplo, el resultado de su an\u00e1lisis ser\u00eda inv\u00e1lido; ya que lo que ser\u00eda bueno para el catolicismo, no necesariamente ser\u00e1 bueno para el brahmanismo&#8217;.<br \/>\nDr. Miguel Palacios Frugone,<br \/>\nM\u00e9dico Psiquiatra. (Fuente EXTRA)<\/p>\n<p>&nbsp;<\/p>\n","protected":false},"excerpt":{"rendered":"<p>La audiencia contra EXTRA qued\u00f3 suspendida el pasado mi\u00e9rcoles. El abogado de la Superintendencia de Comunicaci\u00f3n (Supercom), Alejando Salguero, no<\/p>\n","protected":false},"author":1,"featured_media":0,"comment_status":"open","ping_status":"open","sticky":false,"template":"","format":"standard","meta":{"footnotes":""},"categories":[3],"tags":[],"_links":{"self":[{"href":"https:\/\/www.ecuadoraldia.com.ec\/index.php?rest_route=\/wp\/v2\/posts\/5650"}],"collection":[{"href":"https:\/\/www.ecuadoraldia.com.ec\/index.php?rest_route=\/wp\/v2\/posts"}],"about":[{"href":"https:\/\/www.ecuadoraldia.com.ec\/index.php?rest_route=\/wp\/v2\/types\/post"}],"author":[{"embeddable":true,"href":"https:\/\/www.ecuadoraldia.com.ec\/index.php?rest_route=\/wp\/v2\/users\/1"}],"replies":[{"embeddable":true,"href":"https:\/\/www.ecuadoraldia.com.ec\/index.php?rest_route=%2Fwp%2Fv2%2Fcomments&post=5650"}],"version-history":[{"count":1,"href":"https:\/\/www.ecuadoraldia.com.ec\/index.php?rest_route=\/wp\/v2\/posts\/5650\/revisions"}],"predecessor-version":[{"id":5652,"href":"https:\/\/www.ecuadoraldia.com.ec\/index.php?rest_route=\/wp\/v2\/posts\/5650\/revisions\/5652"}],"wp:attachment":[{"href":"https:\/\/www.ecuadoraldia.com.ec\/index.php?rest_route=%2Fwp%2Fv2%2Fmedia&parent=5650"}],"wp:term":[{"taxonomy":"category","embeddable":true,"href":"https:\/\/www.ecuadoraldia.com.ec\/index.php?rest_route=%2Fwp%2Fv2%2Fcategories&post=5650"},{"taxonomy":"post_tag","embeddable":true,"href":"https:\/\/www.ecuadoraldia.com.ec\/index.php?rest_route=%2Fwp%2Fv2%2Ftags&post=5650"}],"curies":[{"name":"wp","href":"https:\/\/api.w.org\/{rel}","templated":true}]}}