{"id":5653,"date":"2014-11-01T22:04:41","date_gmt":"2014-11-01T22:04:41","guid":{"rendered":"http:\/\/www.ecuadoraldia.com.ec\/?p=5653"},"modified":"2014-11-01T22:04:41","modified_gmt":"2014-11-01T22:04:41","slug":"correa-critica-postura-de-medios-tras-fallo-de-corte-constitucional","status":"publish","type":"post","link":"https:\/\/www.ecuadoraldia.com.ec\/?p=5653","title":{"rendered":"Correa critica postura de medios tras fallo de Corte Constitucional"},"content":{"rendered":"<p><a href=\"http:\/\/www.ecuadoraldia.com.ec\/wp-content\/uploads\/2014\/11\/correa-titular_.jpg\"><img loading=\"lazy\" decoding=\"async\" class=\"alignleft size-medium wp-image-5654\" src=\"http:\/\/www.ecuadoraldia.com.ec\/wp-content\/uploads\/2014\/11\/correa-titular_-300x181.jpg\" alt=\"correa-titular_\" width=\"300\" height=\"181\" srcset=\"https:\/\/www.ecuadoraldia.com.ec\/wp-content\/uploads\/2014\/11\/correa-titular_-300x181.jpg 300w, https:\/\/www.ecuadoraldia.com.ec\/wp-content\/uploads\/2014\/11\/correa-titular_.jpg 450w\" sizes=\"(max-width: 300px) 100vw, 300px\" \/><\/a>El presidente de la Rep\u00fablica, Rafael Correa, defendi\u00f3 hoy la actuaci\u00f3n de la Corte Constitucional (CC) que dictamin\u00f3 que 16 de las 17 enmiendas constitucionales que propuso el bloque de PAIS puedan ser tramitadas v\u00eda Asamblea Nacional.<\/p>\n<p>El Mandatario, en su Enlace Ciudadano N\u00ba 397 desde el Colegio r\u00e9plica 24 De Mayo en Quito, reproch\u00f3 la actitud de ciertos medios de comunicaci\u00f3n privados que han intentado desprestigiar a los miembros de la CC.<\/p>\n<p>Correa critic\u00f3 duramente la portada de la edici\u00f3n impresa de Diario La Hora en donde se titul\u00f3: \u00abEllos negaron la consulta popular\u00bb acompa\u00f1ado de una foto del pleno de la CC. \u00abEsto es mentira, vamos a ver qui\u00e9n reclama cuando yo saco una foto de un periodista mentiroso, van a la Corte Interamericana, porque est\u00e1n en &#8216;peligro&#8217; y miren c\u00f3mo sacan esto en primera plana\u00bb, lament\u00f3 el gobernante.<\/p>\n<p>Sobre la consulta popular que est\u00e1 siendo impulsada por el excandidato presidencial Guillermo Lasso, para fernar la reelecci\u00f3n indefinida de dignatarios de elecci\u00f3n popular, Correa dijo: \u00abque se haya querido buscar una consulta popular es una cosa; que la Corte Constitucional mire esa consulta popular es otra, lo que se est\u00e1 haciendo es cumpliendo con la constituci\u00f3n e incumpliendo con la consigna de la prensa\u00bb.<\/p>\n<p>\u00abAc\u00e1 van a haber elecciones, lo que hace la enmienda para la relecci\u00f3n no es como la prensa lo ha querido posicionar, nombrar permanentemente a Rafael Correa como presidente. Lo que hace es permitir que el presidente, el alcade se pueda candidatizar nuevamente y es el pueblo ecuatoriano con sus votos que lo hace nuevamente alcalde o presidente\u00bb dijo el Jefe de Estado (EL TEL\u00c9GRAFO)<\/p>\n","protected":false},"excerpt":{"rendered":"<p>El presidente de la Rep\u00fablica, Rafael Correa, defendi\u00f3 hoy la actuaci\u00f3n de la Corte Constitucional (CC) que dictamin\u00f3 que 16<\/p>\n","protected":false},"author":1,"featured_media":0,"comment_status":"open","ping_status":"open","sticky":false,"template":"","format":"standard","meta":{"footnotes":""},"categories":[1],"tags":[],"_links":{"self":[{"href":"https:\/\/www.ecuadoraldia.com.ec\/index.php?rest_route=\/wp\/v2\/posts\/5653"}],"collection":[{"href":"https:\/\/www.ecuadoraldia.com.ec\/index.php?rest_route=\/wp\/v2\/posts"}],"about":[{"href":"https:\/\/www.ecuadoraldia.com.ec\/index.php?rest_route=\/wp\/v2\/types\/post"}],"author":[{"embeddable":true,"href":"https:\/\/www.ecuadoraldia.com.ec\/index.php?rest_route=\/wp\/v2\/users\/1"}],"replies":[{"embeddable":true,"href":"https:\/\/www.ecuadoraldia.com.ec\/index.php?rest_route=%2Fwp%2Fv2%2Fcomments&post=5653"}],"version-history":[{"count":1,"href":"https:\/\/www.ecuadoraldia.com.ec\/index.php?rest_route=\/wp\/v2\/posts\/5653\/revisions"}],"predecessor-version":[{"id":5655,"href":"https:\/\/www.ecuadoraldia.com.ec\/index.php?rest_route=\/wp\/v2\/posts\/5653\/revisions\/5655"}],"wp:attachment":[{"href":"https:\/\/www.ecuadoraldia.com.ec\/index.php?rest_route=%2Fwp%2Fv2%2Fmedia&parent=5653"}],"wp:term":[{"taxonomy":"category","embeddable":true,"href":"https:\/\/www.ecuadoraldia.com.ec\/index.php?rest_route=%2Fwp%2Fv2%2Fcategories&post=5653"},{"taxonomy":"post_tag","embeddable":true,"href":"https:\/\/www.ecuadoraldia.com.ec\/index.php?rest_route=%2Fwp%2Fv2%2Ftags&post=5653"}],"curies":[{"name":"wp","href":"https:\/\/api.w.org\/{rel}","templated":true}]}}